{"id":9758,"date":"2022-01-21T09:22:44","date_gmt":"2022-01-21T12:22:44","guid":{"rendered":"https:\/\/itapicurufm.com.br\/?p=9758"},"modified":"2022-01-21T09:22:46","modified_gmt":"2022-01-21T12:22:46","slug":"covid-sem-vacina-aluno-da-rede-estadual-pode-se-matricular-mas-nao-entrara-na-escola","status":"publish","type":"post","link":"https:\/\/itapicurufm.com.br\/index.php\/2022\/01\/21\/covid-sem-vacina-aluno-da-rede-estadual-pode-se-matricular-mas-nao-entrara-na-escola\/","title":{"rendered":"Covid: Sem vacina, aluno da rede estadual pode se matricular, mas n\u00e3o entrar\u00e1 na escola"},"content":{"rendered":"\n<p>Apesar de poderem se matricular para o ano letivo de 2022, os alunos da rede estadual de ensino n\u00e3o poder\u00e3o adentrar nas institui\u00e7\u00f5es para assistir \u00e0s aulas caso n\u00e3o apresentem o comprovante de vacina\u00e7\u00e3o contra a Covid-19. Isso porque o decreto estadual n\u00ba 20.907 exige a comprova\u00e7\u00e3o para o acesso a pr\u00e9dios p\u00fablicos (o que inclui escolas). J\u00e1 na rede municipal, o comprovante, tanto para matr\u00edcula, quanto para ingresso nos pr\u00e9dios, n\u00e3o ser\u00e1 exigido.<\/p>\n\n\n\n<p>Nesta quarta-feira (19), o secret\u00e1rio de educa\u00e7\u00e3o de Salvador, Marcelo Oliveira, chegou a confirmar ao programa Bahia Not\u00edcias no Ar, da Salvador FM, que o munic\u00edpio n\u00e3o cobraria a obrigatoriedade da comprova\u00e7\u00e3o. &#8220;N\u00e3o vai ser cobrado cart\u00e3o de vacina\u00e7\u00e3o para as crian\u00e7as frequentarem as escolas. A vacina\u00e7\u00e3o de crian\u00e7as \u00e9 volunt\u00e1ria, \u00e9 uma decis\u00e3o dos pais. Eu recomendo firmemente que sejam vacinadas, j\u00e1 abrimos a vacina\u00e7\u00e3o e sempre vai ser melhor que as crian\u00e7as v\u00e3o para a escola vacinadas. Embora a gente venha defendendo que o ambiente escolar \u00e9 muito seguro para as crian\u00e7as em termos de risco de cont\u00e1gio&#8221;, afirmou.<\/p>\n\n\n\n<p>O posicionamento foi criticado pelo Sindicato dos Trabalhadores em Educa\u00e7\u00e3o do Estado da Bahia (APLB), que refor\u00e7ou a exig\u00eancia da vacina\u00e7\u00e3o para garantir a seguran\u00e7a da coletividade. Para Rui Oliveira, presidente do sindicato, a Secretaria Municipal de Educa\u00e7\u00e3o (Smed) deve rever a decis\u00e3o.<\/p>\n\n\n\n<p>&#8220;Vamos lutar para que o passaporte seja uma exig\u00eancia legal para todos aqueles que queiram [adentrar nas institui\u00e7\u00f5es]. Se o cara n\u00e3o quer se vacinar e quer morrer, \u00e9 problema dele, mas ele n\u00e3o pode colocar em risco a coletividade. \u00c9 um princ\u00edpio. O direito coletivo se sobrep\u00f5e ao direito individual. As vidas importam e vamos lutar para que seja garantida essa exig\u00eancia&#8221;, assegurou o presidente da APLB.<\/p>\n\n\n\n<p>Diante do posicionamento do munic\u00edpio, o Bahia Not\u00edcias procurou a Secretaria de Educa\u00e7\u00e3o do Estado da Bahia (SEC) para saber se a mesma postura seria adotada pela pasta. Por meio de assessoria de imprensa, a SEC informou que n\u00e3o poder\u00e1 obrigar os pais e respons\u00e1veis a vacinar os alunos, mas que estes, sem o comprovante, n\u00e3o ter\u00e3o acesso aos pr\u00e9dios p\u00fablicos como determina o decreto n\u00ba 20.907.<\/p>\n\n\n\n<p>Ainda de acordo com a SEC &#8211; que divulgou os pr\u00e9-requisitos para as matr\u00edculas que se iniciam na pr\u00f3xima segunda-feira &#8211; a apresenta\u00e7\u00e3o do cart\u00e3o de vacina dos estudantes de at\u00e9 18 anos de idade j\u00e1 era uma exig\u00eancia obrigat\u00f3ria no ato da matr\u00edcula desde 2019.<\/p>\n\n\n\n<p>Com a portaria de Matr\u00edcula n\u00ba 2043\/2021, a apresenta\u00e7\u00e3o da caderneta de vacina\u00e7\u00e3o ser\u00e1 solicitada para todos que desejarem se matricular na rede estadual de ensino, mas a falta desta n\u00e3o se tornar\u00e1 um impeditivo para a matr\u00edcula. Mesmo assim, nas escolas estaduais, os estudantes, pais e respons\u00e1veis ser\u00e3o orientados sobre a necessidade da imuniza\u00e7\u00e3o para acesso \u00e0s escolas como medida de preven\u00e7\u00e3o \u00e0 Covid-19.<\/p>\n\n\n\n<p>Fonte: Bahia Not\u00edcias<\/p>\n\n\n\n<p><\/p>\n","protected":false},"excerpt":{"rendered":"<p>Apesar de poderem se matricular para o ano letivo de 2022, os alunos da rede estadual de ensino n\u00e3o poder\u00e3o<\/p>\n","protected":false},"author":5,"featured_media":9759,"comment_status":"open","ping_status":"closed","sticky":false,"template":"","format":"standard","meta":{"colormag_page_container_layout":"default_layout","colormag_page_sidebar_layout":"default_layout","footnotes":""},"categories":[1],"tags":[],"class_list":["post-9758","post","type-post","status-publish","format-standard","has-post-thumbnail","hentry","category-geral"],"_links":{"self":[{"href":"https:\/\/itapicurufm.com.br\/index.php\/wp-json\/wp\/v2\/posts\/9758","targetHints":{"allow":["GET"]}}],"collection":[{"href":"https:\/\/itapicurufm.com.br\/index.php\/wp-json\/wp\/v2\/posts"}],"about":[{"href":"https:\/\/itapicurufm.com.br\/index.php\/wp-json\/wp\/v2\/types\/post"}],"author":[{"embeddable":true,"href":"https:\/\/itapicurufm.com.br\/index.php\/wp-json\/wp\/v2\/users\/5"}],"replies":[{"embeddable":true,"href":"https:\/\/itapicurufm.com.br\/index.php\/wp-json\/wp\/v2\/comments?post=9758"}],"version-history":[{"count":1,"href":"https:\/\/itapicurufm.com.br\/index.php\/wp-json\/wp\/v2\/posts\/9758\/revisions"}],"predecessor-version":[{"id":9760,"href":"https:\/\/itapicurufm.com.br\/index.php\/wp-json\/wp\/v2\/posts\/9758\/revisions\/9760"}],"wp:featuredmedia":[{"embeddable":true,"href":"https:\/\/itapicurufm.com.br\/index.php\/wp-json\/wp\/v2\/media\/9759"}],"wp:attachment":[{"href":"https:\/\/itapicurufm.com.br\/index.php\/wp-json\/wp\/v2\/media?parent=9758"}],"wp:term":[{"taxonomy":"category","embeddable":true,"href":"https:\/\/itapicurufm.com.br\/index.php\/wp-json\/wp\/v2\/categories?post=9758"},{"taxonomy":"post_tag","embeddable":true,"href":"https:\/\/itapicurufm.com.br\/index.php\/wp-json\/wp\/v2\/tags?post=9758"}],"curies":[{"name":"wp","href":"https:\/\/api.w.org\/{rel}","templated":true}]}}