{"id":960,"date":"2020-05-31T19:39:24","date_gmt":"2020-05-31T22:39:24","guid":{"rendered":"http:\/\/itapicurufm.com.br\/?p=960"},"modified":"2020-05-31T19:39:25","modified_gmt":"2020-05-31T22:39:25","slug":"morre-em-hospital-de-petrolina-o-empresario-bonfinense-sergio-miranda","status":"publish","type":"post","link":"https:\/\/itapicurufm.com.br\/index.php\/2020\/05\/31\/morre-em-hospital-de-petrolina-o-empresario-bonfinense-sergio-miranda\/","title":{"rendered":"Morre em hospital de Petrolina, o empres\u00e1rio bonfinense S\u00e9rgio Miranda"},"content":{"rendered":"\n<h2 class=\"wp-block-heading\"><\/h2>\n\n\n\n<p>Faleceu no in\u00edcio da tarde deste domingo (31), em um hospital da cidade de Petrolina-PE, empres\u00e1rio bonfinense do ramo de produ\u00e7\u00f5es e eventos, S\u00e9rgio Miranda. Ele havia sofrido um acidente na tarde deste s\u00e1bado (30), numa fazenda do munic\u00edpio de Andorinha.<\/p>\n\n\n\n<p>Segundo informa\u00e7\u00f5es, S\u00e9rgio andava a cavalo quando caiu do animal e teria batido com a cabe\u00e7a em uma pedra. Com ferimentos e sangrando, ele foi atendido numa unidade de sa\u00fade de Andorinha e depois transferido para um hospital da cidade de Petrolina-PE.<\/p>\n\n\n\n<p>O empres\u00e1rio passou por um processo cir\u00fargico, foi levado para a UTI, mas infelizmente n\u00e3o resistiu e acabou morrendo neste domingo.<\/p>\n\n\n\n<p>Mais uma morte que comove a sociedade bonfinense. S\u00e9rgio Miranda, al\u00e9m de empres\u00e1rio e produtor de eventos, tamb\u00e9m era oficial de justi\u00e7a. Ao lado de outro empres\u00e1rio do ramo de eventos, Jo\u00edlson Santana, criou a JS Produ\u00e7\u00f5es, respons\u00e1vel pelo evento Venha Tomar no Fusca, que trouxe v\u00e1rios artistas de renome nacional para Senhor do Bonfim.<\/p>\n\n\n\n<p>Ainda n\u00e3o temos informa\u00e7\u00f5es sobre vel\u00f3rio e sepultamento do empres\u00e1rio.(blogdowalterlei)<\/p>\n","protected":false},"excerpt":{"rendered":"<p>Faleceu no in\u00edcio da tarde deste domingo (31), em um hospital da cidade de Petrolina-PE, empres\u00e1rio bonfinense do ramo de<\/p>\n","protected":false},"author":4,"featured_media":961,"comment_status":"open","ping_status":"closed","sticky":false,"template":"","format":"standard","meta":{"colormag_page_container_layout":"default_layout","colormag_page_sidebar_layout":"default_layout","footnotes":""},"categories":[4],"tags":[],"class_list":["post-960","post","type-post","status-publish","format-standard","has-post-thumbnail","hentry","category-regiao"],"_links":{"self":[{"href":"https:\/\/itapicurufm.com.br\/index.php\/wp-json\/wp\/v2\/posts\/960","targetHints":{"allow":["GET"]}}],"collection":[{"href":"https:\/\/itapicurufm.com.br\/index.php\/wp-json\/wp\/v2\/posts"}],"about":[{"href":"https:\/\/itapicurufm.com.br\/index.php\/wp-json\/wp\/v2\/types\/post"}],"author":[{"embeddable":true,"href":"https:\/\/itapicurufm.com.br\/index.php\/wp-json\/wp\/v2\/users\/4"}],"replies":[{"embeddable":true,"href":"https:\/\/itapicurufm.com.br\/index.php\/wp-json\/wp\/v2\/comments?post=960"}],"version-history":[{"count":1,"href":"https:\/\/itapicurufm.com.br\/index.php\/wp-json\/wp\/v2\/posts\/960\/revisions"}],"predecessor-version":[{"id":962,"href":"https:\/\/itapicurufm.com.br\/index.php\/wp-json\/wp\/v2\/posts\/960\/revisions\/962"}],"wp:featuredmedia":[{"embeddable":true,"href":"https:\/\/itapicurufm.com.br\/index.php\/wp-json\/wp\/v2\/media\/961"}],"wp:attachment":[{"href":"https:\/\/itapicurufm.com.br\/index.php\/wp-json\/wp\/v2\/media?parent=960"}],"wp:term":[{"taxonomy":"category","embeddable":true,"href":"https:\/\/itapicurufm.com.br\/index.php\/wp-json\/wp\/v2\/categories?post=960"},{"taxonomy":"post_tag","embeddable":true,"href":"https:\/\/itapicurufm.com.br\/index.php\/wp-json\/wp\/v2\/tags?post=960"}],"curies":[{"name":"wp","href":"https:\/\/api.w.org\/{rel}","templated":true}]}}