{"id":9470,"date":"2021-12-25T08:43:11","date_gmt":"2021-12-25T11:43:11","guid":{"rendered":"https:\/\/itapicurufm.com.br\/?p=9470"},"modified":"2021-12-25T08:43:13","modified_gmt":"2021-12-25T11:43:13","slug":"esse-mes-eu-nao-estou-nem-levantando-da-cama-diz-mae-de-menino-de-12-anos-desaparecido-ha-mais-de-9-meses-na-bahia","status":"publish","type":"post","link":"https:\/\/itapicurufm.com.br\/index.php\/2021\/12\/25\/esse-mes-eu-nao-estou-nem-levantando-da-cama-diz-mae-de-menino-de-12-anos-desaparecido-ha-mais-de-9-meses-na-bahia\/","title":{"rendered":"Esse m\u00eas eu n\u00e3o estou nem levantando da cama&#8217;, diz m\u00e3e de menino de 12 anos desaparecido h\u00e1 mais de 9 meses na Bahia"},"content":{"rendered":"\n<p>Lilia Lima, m\u00e3e do garoto baiano que&nbsp;<a href=\"https:\/\/g1.globo.com\/ba\/bahia\/noticia\/2021\/03\/30\/menino-de-11-anos-desaparece-apos-sair-de-casa-na-zona-rural-de-itiuba.ghtml\">est\u00e1 desaparecido<\/a>&nbsp;h\u00e1 quase 9 meses, segue sem respostas sobre o filho. Davi Lima, filho \u00fanico, desapareceu em mar\u00e7o deste ano ap\u00f3s ter sa\u00eddo da casa de uma tia em dire\u00e7\u00e3o \u00e0 resid\u00eancia da av\u00f3, no povoado de Varzinha, na zona rural d<a href=\"https:\/\/g1.globo.com\/ba\/bahia\/cidade\/itiuba\/\">e Iti\u00fa<\/a><a href=\"https:\/\/g1.globo.com\/ba\/bahia\/cidade\/itiuba\/\">ba<\/a>, norte da Bahia.<\/p>\n\n\n\n<p>Davi completou 12 anos, no dia 13 de dezembro. Al\u00e9m de n\u00e3o poder comemorar a data ao lado do filho, este ser\u00e1 o primeiro Natal de Lilian sem o garoto.<\/p>\n\n\n\n<blockquote class=\"wp-block-quote is-layout-flow wp-block-quote-is-layout-flow\"><p>\u201cEste m\u00eas eu n\u00e3o estou nem levantando da cama, n\u00e3o consigo ficar em p\u00e9. Ele gostava de dar presentes, de ajudar as pessoas na rua\u201d, recordou-se a m\u00e3e do garoto.<\/p><\/blockquote>\n\n\n\n<p>O m\u00eas de dezembro deste ano foi muito mais dif\u00edcil para a fot\u00f3grafa e o marido Edson Alves, que tamb\u00e9m fez anivers\u00e1rio no dia \u00faltimo dia 9. O casal costumava viajar entre as datas de festejos de Davi e do pai dele.<\/p>\n\n\n\n<blockquote class=\"wp-block-quote is-layout-flow wp-block-quote-is-layout-flow\"><p>\u201cA gente sempre viajava, ficava juntos. Ele [Davi] n\u00e3o gostava de comemorar anivers\u00e1rio, pedia para a gente viajar. Est\u00e1 sendo muito dif\u00edcil, dif\u00edcil at\u00e9 de falar\u201d, contou emocionada.<\/p><\/blockquote>\n\n\n\n<figure class=\"wp-block-image\"><img decoding=\"async\" src=\"https:\/\/s2.glbimg.com\/zfpUUEfr_XWCOkXoV-njC7v2sX4=\/0x0:1280x854\/984x0\/smart\/filters:strip_icc()\/i.s3.glbimg.com\/v1\/AUTH_59edd422c0c84a879bd37670ae4f538a\/internal_photos\/bs\/2021\/H\/S\/dxZK85RAmhbaBtGHu3AQ\/whatsapp-image-2021-12-24-at-17.31.03-2-.jpeg\" alt=\"Fam\u00edlia gostava de viajar no m\u00eas de dezembro \u2014 Foto: Arquivo Pessoal\"\/><\/figure>\n\n\n\n<p>Fam\u00edlia gostava de viajar no m\u00eas de dezembro \u2014 Foto: Arquivo Pessoal<\/p>\n\n\n\n<p>Segundo Lilia, a Pol\u00edcia Civil de&nbsp;<a href=\"https:\/\/g1.globo.com\/ba\/bahia\/cidade\/itiuba\/\">Iti\u00faba<\/a>&nbsp;n\u00e3o tem passado informa\u00e7\u00f5es sobre as investiga\u00e7\u00f5es.<\/p>\n\n\n\n<p>\u201cNo momento ainda n\u00e3o, eles pediram prazos de 30, 60, 90 e prorrogou, a\u00ed de novo. Falaram que ter\u00edamos not\u00edcia no final de outubro, depois novembro e agora vai terminar o ano e sem nenhuma not\u00edcia, nenhuma informa\u00e7\u00e3o\u201d, lamentou.<\/p>\n\n\n\n<h2 class=\"wp-block-heading\">&#8216;Nenhuma resposta&#8217;<\/h2>\n\n\n\n<p>Mesmo sem respostas, Lilia Lima n\u00e3o perde as esperan\u00e7as e n\u00e3o desiste de encontrar o filho.<\/p>\n\n\n\n<p>\u201cEu procurei tamb\u00e9m os direitos humanos, eles est\u00e3o me acolhendo, me ajudando a pedir mais agilidade, uma resposta, mas estou aguardando\u201d.<\/p>\n\n\n\n<figure class=\"wp-block-image\"><img decoding=\"async\" src=\"https:\/\/s2.glbimg.com\/I6MKwVKoU4N1WlSTAyYNQfjGFAs=\/0x0:1280x960\/984x0\/smart\/filters:strip_icc()\/i.s3.glbimg.com\/v1\/AUTH_59edd422c0c84a879bd37670ae4f538a\/internal_photos\/bs\/2021\/B\/B\/cBi9NKRGyiIUJfVE27wA\/whatsapp-image-2021-12-24-at-17.31.03-1-.jpeg\" alt=\"Davi e os pais moram em Salvador \u2014 Foto: Arquivo Pessoal\"\/><\/figure>\n\n\n\n<p>Davi e os pais moram em Salvador \u2014 Foto: Arquivo Pessoal<\/p>\n\n\n\n<p>A m\u00e3e de Davi tamb\u00e9m procurou o Minist\u00e9rio P\u00fablico da Bahia (MP-BA) e a Defensoria P\u00fablica do Estado (DPE-BA) em busca de apoio.<\/p>\n\n\n\n<p>\u201cO Minist\u00e9rio P\u00fablico, a Defensoria P\u00fablica tamb\u00e9m, mas eles ficam mandando a gente aguardar, confiar no trabalho deles, que eles querem o quanto antes dar uma resposta, que \u00e9 prioridade, que o caso n\u00e3o est\u00e1 esquecido. \u00c9 sempre as mesmas coisas, mas nenhuma resposta\u201d, disse.<\/p>\n\n\n\n<p>O tempo passa e o quarto de Davi est\u00e1 do mesmo jeito que o garoto deixou antes de viajar para&nbsp;<a href=\"https:\/\/g1.globo.com\/ba\/bahia\/cidade\/itiuba\/\">Iti\u00faba<\/a>. Na parede, as fotos de momentos felizes em fam\u00edlia.<\/p>\n\n\n\n<figure class=\"wp-block-image\"><img decoding=\"async\" src=\"https:\/\/s2.glbimg.com\/l8U-3T-xeJoX0bj_ie_h7emyVys=\/0x0:1046x1280\/984x0\/smart\/filters:strip_icc()\/i.s3.glbimg.com\/v1\/AUTH_59edd422c0c84a879bd37670ae4f538a\/internal_photos\/bs\/2021\/s\/2\/1IUEzuR1mBVjlE38B1EQ\/whatsapp-image-2021-06-28-at-19.28.04.jpeg\" alt=\"Davi est\u00e1 desaparecido h\u00e1 quase nove meses na Bahia \u2014 Foto: Arquivo Pessoal\"\/><\/figure>\n\n\n\n<p>Davi est\u00e1 desaparecido h\u00e1 quase nove meses na Bahia \u2014 Foto: Arquivo Pessoal<\/p>\n\n\n\n<p>Davi Lima desapareceu quando viajou com os pais, para visitar parentes. Lilia Lima conta que foi contratada, em&nbsp;<a href=\"https:\/\/g1.globo.com\/ba\/bahia\/cidade\/itiuba\/\">Iti\u00faba<\/a>, para fazer um ensaio com um casal.<\/p>\n\n\n\n<p>A m\u00e3e do garoto deixou o filho com a irm\u00e3 e voltou em menos de duas horas, mas Davi j\u00e1 tinha desaparecido.<\/p>\n\n\n\n<blockquote class=\"wp-block-quote is-layout-flow wp-block-quote-is-layout-flow\"><p>\u201cEla disse que foi comprar balas com ele em uma vendinha que tem pr\u00f3ximo da casa dela. A\u00ed quando voltou, ele correu, a\u00ed ela foi e pegou a moto e foi atr\u00e1s, mas n\u00e3o achou mais ele\u201d, relatou.<\/p><\/blockquote>\n\n\n\n<p>Logo ap\u00f3s descobrir que o filho tinha sumido, os pais, vizinhos e familiares come\u00e7aram as buscas. Lilia e o marido Edson Alves, procuraram incessantemente pelo garoto, em uma \u00e1rea de mata, mas n\u00e3o encontraram.<\/p>\n\n\n\n<p>Uma equipe do Corpo de Bombeiros, al\u00e9m de c\u00e3es farejadores e helic\u00f3pteros tamb\u00e9m foram ao local, mas apenas a sand\u00e1lia que Davi usava foi achada.<\/p>\n\n\n\n<p>\u201cEu n\u00e3o acho que o menino sumiu. A capit\u00e3 [dos bombeiros] explicou: &#8216;Seu Edson, o c\u00e3o vai na sand\u00e1lia e retorna. O que ele passa para mim, como adestradora, \u00e9: Esse cheiro n\u00e3o prossegue para a mata. Ele retorna para c\u00e1&#8217;. Ent\u00e3o deduzimos que a sand\u00e1lia foi colocada l\u00e1&#8221;, afirmou o pai de Davi.<\/p>\n\n\n\n<p>O&nbsp;<a href=\"https:\/\/g1.globo.com\/ba\/bahia\/\"><strong>g1<\/strong><\/a>&nbsp;entrou em contato com a Pol\u00edcia Civil que informou que a apura\u00e7\u00e3o desse caso corre em segredo de Justi\u00e7a.<\/p>\n\n\n\n<figure class=\"wp-block-image\"><img decoding=\"async\" src=\"https:\/\/s2.glbimg.com\/Q4yYdQ48yHatvFa95sgxC103hDE=\/0x0:1700x1060\/984x0\/smart\/filters:strip_icc()\/i.s3.glbimg.com\/v1\/AUTH_59edd422c0c84a879bd37670ae4f538a\/internal_photos\/bs\/2021\/C\/h\/D8tjBETaua4CqjwKPCNQ\/image-26-.jpg\" alt=\"Garoto foi visto pela \u00faltima vez na zona rural de Iti\u00faba, regi\u00e3o norte da Bahia \u2014 Foto: Reprodu\u00e7\u00e3o\/TV S\u00e3o Francisco\"\/><\/figure>\n\n\n\n<p>Garoto foi visto pela \u00faltima vez na zona rural de Iti\u00faba, regi\u00e3o norte da Bahia \u2014 Foto: Reprodu\u00e7\u00e3o\/TV S\u00e3o Francisco<\/p>\n","protected":false},"excerpt":{"rendered":"<p>Lilia Lima, m\u00e3e do garoto baiano que&nbsp;est\u00e1 desaparecido&nbsp;h\u00e1 quase 9 meses, segue sem respostas sobre o filho. Davi Lima, filho<\/p>\n","protected":false},"author":5,"featured_media":9471,"comment_status":"open","ping_status":"closed","sticky":false,"template":"","format":"standard","meta":{"colormag_page_container_layout":"default_layout","colormag_page_sidebar_layout":"default_layout","footnotes":""},"categories":[1],"tags":[],"class_list":["post-9470","post","type-post","status-publish","format-standard","has-post-thumbnail","hentry","category-geral"],"_links":{"self":[{"href":"https:\/\/itapicurufm.com.br\/index.php\/wp-json\/wp\/v2\/posts\/9470","targetHints":{"allow":["GET"]}}],"collection":[{"href":"https:\/\/itapicurufm.com.br\/index.php\/wp-json\/wp\/v2\/posts"}],"about":[{"href":"https:\/\/itapicurufm.com.br\/index.php\/wp-json\/wp\/v2\/types\/post"}],"author":[{"embeddable":true,"href":"https:\/\/itapicurufm.com.br\/index.php\/wp-json\/wp\/v2\/users\/5"}],"replies":[{"embeddable":true,"href":"https:\/\/itapicurufm.com.br\/index.php\/wp-json\/wp\/v2\/comments?post=9470"}],"version-history":[{"count":1,"href":"https:\/\/itapicurufm.com.br\/index.php\/wp-json\/wp\/v2\/posts\/9470\/revisions"}],"predecessor-version":[{"id":9472,"href":"https:\/\/itapicurufm.com.br\/index.php\/wp-json\/wp\/v2\/posts\/9470\/revisions\/9472"}],"wp:featuredmedia":[{"embeddable":true,"href":"https:\/\/itapicurufm.com.br\/index.php\/wp-json\/wp\/v2\/media\/9471"}],"wp:attachment":[{"href":"https:\/\/itapicurufm.com.br\/index.php\/wp-json\/wp\/v2\/media?parent=9470"}],"wp:term":[{"taxonomy":"category","embeddable":true,"href":"https:\/\/itapicurufm.com.br\/index.php\/wp-json\/wp\/v2\/categories?post=9470"},{"taxonomy":"post_tag","embeddable":true,"href":"https:\/\/itapicurufm.com.br\/index.php\/wp-json\/wp\/v2\/tags?post=9470"}],"curies":[{"name":"wp","href":"https:\/\/api.w.org\/{rel}","templated":true}]}}