{"id":9359,"date":"2021-12-14T08:50:49","date_gmt":"2021-12-14T11:50:49","guid":{"rendered":"https:\/\/itapicurufm.com.br\/?p=9359"},"modified":"2021-12-14T08:50:51","modified_gmt":"2021-12-14T11:50:51","slug":"mae-e-filha-sao-encontradas-mortas","status":"publish","type":"post","link":"https:\/\/itapicurufm.com.br\/index.php\/2021\/12\/14\/mae-e-filha-sao-encontradas-mortas\/","title":{"rendered":"M\u00e3e e filha s\u00e3o encontradas mortas"},"content":{"rendered":"\n<p>Os corpos da t\u00e9cnica de enfermagem Alcione Malheiros Teixeira Ribeiro, de 42 anos, e da filha, Ana J\u00falia Teixeira Fernandes, de 16, foram achados na tarde do domingo (12), na \u00e1rea de um riacho, pr\u00f3ximo a uma ponte, em<a href=\"https:\/\/www.bnews.com.br\/noticias\/policia\/316865-homem-acusado-de-liderar-trafico-em-guanambi-e-preso-em-santa-catarina.html\">&nbsp;Guanambi<\/a>, na regi\u00e3o do Sudoeste baiano.<\/p>\n\n\n\n<p>De acordo com ve\u00edculos de comunica\u00e7\u00e3o locais, m\u00e3e e filha sa\u00edram de casa em dire\u00e7\u00e3o ao s\u00edtio da fam\u00edlia quando um homem em uma motocicleta abordou as duas.<\/p>\n\n\n\n<p>As v\u00edtimas teriam sido levadas para \u00e0s margens da BR-030, onde foram mortas. A motocicleta foi deixada no local do crime.<\/p>\n\n\n\n<p>Em nota enviada ao&nbsp;<strong>BNews<\/strong>, a Pol\u00edcia Civil confirmou as mortes e informou que os corpos foram encontrados por policiais da Delegacia Territorial da cidade, por volta das 14h. Os PMs acionaram uma equipe do Departamento de Pol\u00edcia T\u00e9cnica. \u201cForam expedidas as guias periciais. A autoria e a motiva\u00e7\u00e3o do crime ser\u00e3o investigadas pela unidade\u201d, diz trecho do comunicado.<\/p>\n\n\n\n<p>A diretora do Hospital Geral de Guanambi emitiu uma nota de pesar lamentando a morte da colaboradora, no Instagram da unidade de sa\u00fade. \u201c\u00c9 com profundo pesar que a diretora geral do Hospital Geral de Guanambi comunica o falecimento de Alcione Malheiros Teixeira Ribeiro. Nesse momento de dor solidarizamos com os familiares e amigos\u201d, escreveu.Colegas e amigos de Alcione lamentaram a morte dela e da filha: &#8220;Sem acreditar! Conhecia elas, minhas vizinhas. Revoltante!!!! Que Deus conforte o cora\u00e7\u00e3o de todos&#8221;, escreveu uma usu\u00e1ria. &#8220;Meu Deus que triste, Deus te receba amiga. Sentirei saudades&#8221;, escreveu uma outra internauta.<\/p>\n\n\n\n<p>(https:\/\/www.bnews.com.br\/)<\/p>\n","protected":false},"excerpt":{"rendered":"<p>Os corpos da t\u00e9cnica de enfermagem Alcione Malheiros Teixeira Ribeiro, de 42 anos, e da filha, Ana J\u00falia Teixeira Fernandes,<\/p>\n","protected":false},"author":5,"featured_media":9360,"comment_status":"open","ping_status":"closed","sticky":false,"template":"","format":"standard","meta":{"colormag_page_container_layout":"default_layout","colormag_page_sidebar_layout":"default_layout","footnotes":""},"categories":[8],"tags":[],"class_list":["post-9359","post","type-post","status-publish","format-standard","has-post-thumbnail","hentry","category-brasil"],"_links":{"self":[{"href":"https:\/\/itapicurufm.com.br\/index.php\/wp-json\/wp\/v2\/posts\/9359","targetHints":{"allow":["GET"]}}],"collection":[{"href":"https:\/\/itapicurufm.com.br\/index.php\/wp-json\/wp\/v2\/posts"}],"about":[{"href":"https:\/\/itapicurufm.com.br\/index.php\/wp-json\/wp\/v2\/types\/post"}],"author":[{"embeddable":true,"href":"https:\/\/itapicurufm.com.br\/index.php\/wp-json\/wp\/v2\/users\/5"}],"replies":[{"embeddable":true,"href":"https:\/\/itapicurufm.com.br\/index.php\/wp-json\/wp\/v2\/comments?post=9359"}],"version-history":[{"count":1,"href":"https:\/\/itapicurufm.com.br\/index.php\/wp-json\/wp\/v2\/posts\/9359\/revisions"}],"predecessor-version":[{"id":9361,"href":"https:\/\/itapicurufm.com.br\/index.php\/wp-json\/wp\/v2\/posts\/9359\/revisions\/9361"}],"wp:featuredmedia":[{"embeddable":true,"href":"https:\/\/itapicurufm.com.br\/index.php\/wp-json\/wp\/v2\/media\/9360"}],"wp:attachment":[{"href":"https:\/\/itapicurufm.com.br\/index.php\/wp-json\/wp\/v2\/media?parent=9359"}],"wp:term":[{"taxonomy":"category","embeddable":true,"href":"https:\/\/itapicurufm.com.br\/index.php\/wp-json\/wp\/v2\/categories?post=9359"},{"taxonomy":"post_tag","embeddable":true,"href":"https:\/\/itapicurufm.com.br\/index.php\/wp-json\/wp\/v2\/tags?post=9359"}],"curies":[{"name":"wp","href":"https:\/\/api.w.org\/{rel}","templated":true}]}}