{"id":9198,"date":"2021-11-22T08:54:44","date_gmt":"2021-11-22T11:54:44","guid":{"rendered":"https:\/\/itapicurufm.com.br\/?p=9198"},"modified":"2021-11-22T08:54:46","modified_gmt":"2021-11-22T11:54:46","slug":"moradores-recolhem-oito-corpos-apos-operacao-da-pm","status":"publish","type":"post","link":"https:\/\/itapicurufm.com.br\/index.php\/2021\/11\/22\/moradores-recolhem-oito-corpos-apos-operacao-da-pm\/","title":{"rendered":"Moradores recolhem oito corpos ap\u00f3s opera\u00e7\u00e3o da PM"},"content":{"rendered":"\n<p>Moradores do Complexo do Salgueiro, em S\u00e3o Gon\u00e7alo, retiraram&nbsp;<strong>pelo menos oito corpos<\/strong>&nbsp;de um manguezal no bairro das&nbsp;<strong>Palmeiras<\/strong>, na manh\u00e3 desta segunda-feira (22). O fim de semana foi&nbsp;de tiroteios entre a Pol\u00edcia Militar e traficantes.&nbsp;<a href=\"https:\/\/g1.globo.com\/rj\/rio-de-janeiro\/noticia\/2021\/11\/20\/pm-morre-ao-ser-baleado-no-complexo-do-salgueiro-em-sao-goncalo.ghtml\">Um PM tamb\u00e9m morreu<\/a>.<\/p>\n\n\n\n<p>\u201cEstes confrontos foram intensos, foram na \u00e1rea de mangue, \u00e9 uma \u00e1rea de dif\u00edcil tr\u00e2nsito. Logicamente estamos falando de um momento&nbsp;em que marginais estavam no interior da mata fechada\u201d, destacou o porta-voz da PM, tenente-coronel&nbsp;<strong>Ivan Blaz<\/strong>, em entrevista ao Bom Dia Rio.<\/p>\n\n\n\n<p>Na madrugada de s\u00e1bado (20),\u00a0<a href=\"https:\/\/g1.globo.com\/rj\/rio-de-janeiro\/noticia\/2021\/11\/20\/pm-morre-ao-ser-baleado-no-complexo-do-salgueiro-em-sao-goncalo.ghtml\">um PM foi baleado durante patrulhamento e morreu no hospital<\/a>. No domingo (21),\u00a0<a href=\"https:\/\/g1.globo.com\/rj\/rio-de-janeiro\/noticia\/2021\/11\/21\/idosa-baleada-em-operacao-bope-salgueiro.ghtml\">uma idosa foi atingida no bra\u00e7o<\/a>.<\/p>\n\n\n\n<h2 class=\"wp-block-heading\">Relatos de tortura<\/h2>\n\n\n\n<p>Moradores afirmaram que&nbsp;<strong>foi uma chacina<\/strong>. Os corpos eram enfileirados e cobertos por len\u00e7\u00f3is na Rua Pedro Anunciato da Cruz, no bairro das Palmeiras.<\/p>\n\n\n\n<p>\u201cOs corpos est\u00e3o todos jogados no mangue, com sinais de tortura.&nbsp;As pessoas, uma jogada por cima da outra.&nbsp;Estava com sinal totalmente de chacina mesmo\u201d, relatou um.<\/p>\n\n\n\n<p>\u201cMuito conhecido da gente aqui morreu. A gente estava gritando no mangue para ver se consegue tirar, mas todos mortos\u201d, relatou outra.<\/p>\n\n\n\n<blockquote class=\"wp-block-quote is-layout-flow wp-block-quote-is-layout-flow\"><p>\u201cAs m\u00e3es est\u00e3o entrando dentro do mangue. Com o mangue acima do joelho para poder tentar puxar os corpos\u201d, continuou mais uma.<\/p><\/blockquote>\n\n\n\n<p>Blaz n\u00e3o comentou as den\u00fancias, mas disse aguardar a per\u00edcia. Uma nova opera\u00e7\u00e3o seria rea<\/p>\n\n\n\n<p>\u201cO Bope, segundo estas informa\u00e7\u00f5es, podemos deduzir que&nbsp;houve in\u00fameros feridos neste confronto&nbsp;entre policiais e marginais nesta \u00e1rea de mata fechada. Logicamente, em se tratando de um momento de instabilidade, n\u00e3o foi poss\u00edvel fazer esta varredura. Agora, ao longo do dia, podemos ter este trabalho j\u00e1 com a per\u00edcia, uma vez que o caso j\u00e1 foi registrado na Pol\u00edcia Civil\u201d, continuou.<\/p>\n\n\n\n<figure class=\"wp-block-image\"><img decoding=\"async\" src=\"https:\/\/s2.glbimg.com\/Islh-ZGt56K-Ar1OGVXZDWkZO34=\/0x0:1920x1080\/1008x0\/smart\/filters:strip_icc()\/i.s3.glbimg.com\/v1\/AUTH_59edd422c0c84a879bd37670ae4f538a\/internal_photos\/bs\/2021\/J\/D\/wYzFloS4qWseshpY1MMA\/bdrj-salgueiro4.jpeg\" alt=\"Moradores recolhem corpos no Complexo do Salgueiro, em S\u00e3o Gon\u00e7alo, ap\u00f3s opera\u00e7\u00e3o da PM \u2014 Foto: Reprodu\u00e7\u00e3o\/ TV Globo\"\/><\/figure>\n\n\n\n<p>Moradores recolhem corpos no Complexo do Salgueiro, em S\u00e3o Gon\u00e7alo, ap\u00f3s opera\u00e7\u00e3o da PM \u2014 Foto: Reprodu\u00e7\u00e3o\/ TV Globo<\/p>\n\n\n\n<p>Blaz explicou que criminosos do Salgueiro&nbsp;tomaram col\u00e9gios para servir de abrigo.<\/p>\n\n\n\n<p>\u201cA gente j\u00e1 tinha tido in\u00fameras den\u00fancias de marginais fazendo uso de vesti\u00e1rios, de escolas p\u00fablicas, ali na regi\u00e3o, para transformar em base do tr\u00e1fico\u201d, afirmou o porta-voz.<\/p>\n\n\n\n<p>\u201cTamb\u00e9m tivemos a apreens\u00e3o de muitos materiais utilizados em combate. Ent\u00e3o voc\u00ea tem ali cinto de guarni\u00e7\u00e3o, coletes, pistolas, muni\u00e7\u00e3o\u201d, enumerou Blaz.<\/p>\n\n\n\n<p>\u201c<a href=\"https:\/\/g1.globo.com\/rj\/rio-de-janeiro\/noticia\/2021\/11\/20\/pm-morre-ao-ser-baleado-no-complexo-do-salgueiro-em-sao-goncalo.ghtml\">Um sargento foi morto, como voc\u00eas relataram,<\/a>&nbsp;e logo depois desse ataque que vitimou o sargento Leandro, n\u00f3s tivemos a interven\u00e7\u00e3o de homens do Bope ali na \u00e1rea\u201d, emendou o porta-voz.<\/p>\n\n\n\n<blockquote class=\"wp-block-quote is-layout-flow wp-block-quote-is-layout-flow\"><p>\u201cPelas redes sociais conseguimos receber informa\u00e7\u00f5es que davam um n\u00famero muito grande, uma ordem de grandeza bem alta de n\u00fameros de feridos\u201d, disse o porta-voz.<\/p><\/blockquote>\n\n\n\n<h2 class=\"wp-block-heading\">Morte de PM<\/h2>\n\n\n\n<figure class=\"wp-block-image\"><img decoding=\"async\" src=\"https:\/\/s2.glbimg.com\/Wvy-Ctiqqc7igKLXHgCicPrU7Bo=\/0x0:1920x1080\/1008x0\/smart\/filters:strip_icc()\/i.s3.glbimg.com\/v1\/AUTH_59edd422c0c84a879bd37670ae4f538a\/internal_photos\/bs\/2021\/D\/A\/6f1MNZT72B6P3mEWkb7w\/bdbr-leandro.jpeg\" alt=\"No s\u00e1bado (20), um policial militar morreu em atua\u00e7\u00e3o na regi\u00e3o do Salgueiro. O sargento foi identificado como Leandro Rumbelsperger da Silva, de 38 anos \u2014 Foto: Reprodu\u00e7\u00e3o\/ TV Globo\"\/><\/figure>\n\n\n\n<p>No s\u00e1bado (20), um policial militar morreu em atua\u00e7\u00e3o na regi\u00e3o do Salgueiro. O sargento foi identificado como Leandro Rumbelsperger da Silva, de 38 anos \u2014 Foto: Reprodu\u00e7\u00e3o\/ TV Globo<\/p>\n\n\n\n<p>No s\u00e1bado (20), um&nbsp;<a href=\"https:\/\/g1.globo.com\/rj\/rio-de-janeiro\/noticia\/2021\/11\/20\/pm-morre-ao-ser-baleado-no-complexo-do-salgueiro-em-sao-goncalo.ghtml\">policial militar morreu em atua\u00e7\u00e3o na regi\u00e3o do Salgueiro<\/a>. O sargento foi identificado como&nbsp;<strong>Leandro Rumbelsperger da Silva<\/strong>, de 38 anos.<\/p>\n\n\n\n<p>Segundo a Pol\u00edcia Militar, PMs do 7\u00ba BPM (S\u00e3o Gon\u00e7alo) faziam patrulhamento em Ita\u00fana, no Complexo do Salgueiro, quando foram atacados por criminosos efetuando disparos de arma de fogo. Na a\u00e7\u00e3o, um fuzil AK-47 foi apreendido, e o sargento foi baleado.<\/p>\n\n\n\n<p>O militar chegou a ser levado para a emerg\u00eancia do Hospital Estadual Alberto Torres, tamb\u00e9m em S\u00e3o Gon\u00e7alo, mas n\u00e3o resistiu e morreu.<\/p>\n\n\n\n<h2 class=\"wp-block-heading\">Idosa ferida<\/h2>\n\n\n\n<figure class=\"wp-block-image\"><img decoding=\"async\" src=\"https:\/\/s2.glbimg.com\/mt3pBhi_2NLBVrqYDbwjdKf_DUQ=\/0x170:720x856\/1008x0\/smart\/filters:strip_icc()\/i.s3.glbimg.com\/v1\/AUTH_59edd422c0c84a879bd37670ae4f538a\/internal_photos\/bs\/2021\/Q\/t\/mUMWJ1SdA6jfSwK9TPAw\/whatsapp-image-2021-11-21-at-21.08.50.jpeg\" alt=\"Idosa foi baleada no bra\u00e7o em a\u00e7\u00e3o do Bope no Salgueiro \u2014 Foto: Reprodu\u00e7\u00e3o\/Arquivo Pessoal\"\/><\/figure>\n\n\n\n<p>Idosa foi baleada no bra\u00e7o em a\u00e7\u00e3o do Bope no Salgueiro \u2014 Foto: Reprodu\u00e7\u00e3o\/Arquivo Pessoal<\/p>\n","protected":false},"excerpt":{"rendered":"<p>Moradores do Complexo do Salgueiro, em S\u00e3o Gon\u00e7alo, retiraram&nbsp;pelo menos oito corpos&nbsp;de um manguezal no bairro das&nbsp;Palmeiras, na manh\u00e3 desta<\/p>\n","protected":false},"author":5,"featured_media":9199,"comment_status":"open","ping_status":"closed","sticky":false,"template":"","format":"standard","meta":{"colormag_page_container_layout":"default_layout","colormag_page_sidebar_layout":"default_layout","footnotes":""},"categories":[1],"tags":[],"class_list":["post-9198","post","type-post","status-publish","format-standard","has-post-thumbnail","hentry","category-geral"],"_links":{"self":[{"href":"https:\/\/itapicurufm.com.br\/index.php\/wp-json\/wp\/v2\/posts\/9198","targetHints":{"allow":["GET"]}}],"collection":[{"href":"https:\/\/itapicurufm.com.br\/index.php\/wp-json\/wp\/v2\/posts"}],"about":[{"href":"https:\/\/itapicurufm.com.br\/index.php\/wp-json\/wp\/v2\/types\/post"}],"author":[{"embeddable":true,"href":"https:\/\/itapicurufm.com.br\/index.php\/wp-json\/wp\/v2\/users\/5"}],"replies":[{"embeddable":true,"href":"https:\/\/itapicurufm.com.br\/index.php\/wp-json\/wp\/v2\/comments?post=9198"}],"version-history":[{"count":1,"href":"https:\/\/itapicurufm.com.br\/index.php\/wp-json\/wp\/v2\/posts\/9198\/revisions"}],"predecessor-version":[{"id":9200,"href":"https:\/\/itapicurufm.com.br\/index.php\/wp-json\/wp\/v2\/posts\/9198\/revisions\/9200"}],"wp:featuredmedia":[{"embeddable":true,"href":"https:\/\/itapicurufm.com.br\/index.php\/wp-json\/wp\/v2\/media\/9199"}],"wp:attachment":[{"href":"https:\/\/itapicurufm.com.br\/index.php\/wp-json\/wp\/v2\/media?parent=9198"}],"wp:term":[{"taxonomy":"category","embeddable":true,"href":"https:\/\/itapicurufm.com.br\/index.php\/wp-json\/wp\/v2\/categories?post=9198"},{"taxonomy":"post_tag","embeddable":true,"href":"https:\/\/itapicurufm.com.br\/index.php\/wp-json\/wp\/v2\/tags?post=9198"}],"curies":[{"name":"wp","href":"https:\/\/api.w.org\/{rel}","templated":true}]}}