{"id":9191,"date":"2021-11-21T07:01:08","date_gmt":"2021-11-21T10:01:08","guid":{"rendered":"https:\/\/itapicurufm.com.br\/?p=9191"},"modified":"2021-11-21T07:01:09","modified_gmt":"2021-11-21T10:01:09","slug":"homem-e-preso-por-estuprar-menino-de-9-anos","status":"publish","type":"post","link":"https:\/\/itapicurufm.com.br\/index.php\/2021\/11\/21\/homem-e-preso-por-estuprar-menino-de-9-anos\/","title":{"rendered":"Homem \u00e9 preso por estuprar menino de 9 anos"},"content":{"rendered":"\n<p>Um homem de 32 anos foi preso nesta sexta-feira (19), ap\u00f3s a equipe do Sistema de Intelig\u00eancia da Delegacia para o Adolescente Infrator (DAI) cumprir um mandado de pris\u00e3o contra ele.<\/p>\n\n\n\n<p>O mando foi expedido pela 1\u00aa Vara Criminal de Feira de Santana, pelo crime de estupro de vulner\u00e1vel.<\/p>\n\n\n\n<p>De acordo com a Pol\u00edcia Civil, o acusado teria praticado o abuso no ano de 2013, no Bairro Expans\u00e3o do Feira IX, contra um menino de 9 anos de idade.<\/p>\n\n\n\n<p>O homem foi condenado a oito anos de pris\u00e3o em regime semiaberto e ser\u00e1 encaminhado ao Conjunto Penal.<\/p>\n\n\n\n<p>Acorda Cidade<\/p>\n\n\n\n<p><\/p>\n","protected":false},"excerpt":{"rendered":"<p>Um homem de 32 anos foi preso nesta sexta-feira (19), ap\u00f3s a equipe do Sistema de Intelig\u00eancia da Delegacia para<\/p>\n","protected":false},"author":5,"featured_media":9193,"comment_status":"open","ping_status":"closed","sticky":false,"template":"","format":"standard","meta":{"colormag_page_container_layout":"default_layout","colormag_page_sidebar_layout":"default_layout","footnotes":""},"categories":[1],"tags":[],"class_list":["post-9191","post","type-post","status-publish","format-standard","has-post-thumbnail","hentry","category-geral"],"_links":{"self":[{"href":"https:\/\/itapicurufm.com.br\/index.php\/wp-json\/wp\/v2\/posts\/9191","targetHints":{"allow":["GET"]}}],"collection":[{"href":"https:\/\/itapicurufm.com.br\/index.php\/wp-json\/wp\/v2\/posts"}],"about":[{"href":"https:\/\/itapicurufm.com.br\/index.php\/wp-json\/wp\/v2\/types\/post"}],"author":[{"embeddable":true,"href":"https:\/\/itapicurufm.com.br\/index.php\/wp-json\/wp\/v2\/users\/5"}],"replies":[{"embeddable":true,"href":"https:\/\/itapicurufm.com.br\/index.php\/wp-json\/wp\/v2\/comments?post=9191"}],"version-history":[{"count":1,"href":"https:\/\/itapicurufm.com.br\/index.php\/wp-json\/wp\/v2\/posts\/9191\/revisions"}],"predecessor-version":[{"id":9192,"href":"https:\/\/itapicurufm.com.br\/index.php\/wp-json\/wp\/v2\/posts\/9191\/revisions\/9192"}],"wp:featuredmedia":[{"embeddable":true,"href":"https:\/\/itapicurufm.com.br\/index.php\/wp-json\/wp\/v2\/media\/9193"}],"wp:attachment":[{"href":"https:\/\/itapicurufm.com.br\/index.php\/wp-json\/wp\/v2\/media?parent=9191"}],"wp:term":[{"taxonomy":"category","embeddable":true,"href":"https:\/\/itapicurufm.com.br\/index.php\/wp-json\/wp\/v2\/categories?post=9191"},{"taxonomy":"post_tag","embeddable":true,"href":"https:\/\/itapicurufm.com.br\/index.php\/wp-json\/wp\/v2\/tags?post=9191"}],"curies":[{"name":"wp","href":"https:\/\/api.w.org\/{rel}","templated":true}]}}