{"id":9122,"date":"2021-11-09T09:33:54","date_gmt":"2021-11-09T12:33:54","guid":{"rendered":"https:\/\/itapicurufm.com.br\/?p=9122"},"modified":"2021-11-09T09:33:55","modified_gmt":"2021-11-09T12:33:55","slug":"ponto-novo-domingo-tera-cicloturismo-e-festa","status":"publish","type":"post","link":"https:\/\/itapicurufm.com.br\/index.php\/2021\/11\/09\/ponto-novo-domingo-tera-cicloturismo-e-festa\/","title":{"rendered":"Ponto Novo: domingo ter\u00e1 cicloturismo e festa"},"content":{"rendered":"\n<p>Evento de dimens\u00e3o estadual, Ponto Novo, entra no circuito do cicloturismo e no pr\u00f3ximo domingo, dia 14, ciclistas de toda regi\u00e3o, marcar\u00e3o presen\u00e7a na cidade.<\/p>\n\n\n\n<p>Ainda no domingo, a prefeitura municipal, far\u00e1 uma festa p\u00fablica na pra\u00e7a do com\u00e9rcio, com o cantor Lenno Ferreira, ex integrante da Banda Desejo de Menina.<\/p>\n\n\n\n<p>&#8220;Entendemos que esporte e lazer tamb\u00e9m s\u00e3o prioridades de nossa gest\u00e3o, a pandemia est\u00e1 sendo reduzida e isto nos possibilitou apoiar a festa&#8221;, afirmou o prefeito Thiago Gilleno<\/p>\n","protected":false},"excerpt":{"rendered":"<p>Evento de dimens\u00e3o estadual, Ponto Novo, entra no circuito do cicloturismo e no pr\u00f3ximo domingo, dia 14, ciclistas de toda<\/p>\n","protected":false},"author":5,"featured_media":9123,"comment_status":"open","ping_status":"closed","sticky":false,"template":"","format":"standard","meta":{"colormag_page_container_layout":"default_layout","colormag_page_sidebar_layout":"default_layout","footnotes":""},"categories":[3],"tags":[],"class_list":["post-9122","post","type-post","status-publish","format-standard","has-post-thumbnail","hentry","category-pontonovo"],"_links":{"self":[{"href":"https:\/\/itapicurufm.com.br\/index.php\/wp-json\/wp\/v2\/posts\/9122","targetHints":{"allow":["GET"]}}],"collection":[{"href":"https:\/\/itapicurufm.com.br\/index.php\/wp-json\/wp\/v2\/posts"}],"about":[{"href":"https:\/\/itapicurufm.com.br\/index.php\/wp-json\/wp\/v2\/types\/post"}],"author":[{"embeddable":true,"href":"https:\/\/itapicurufm.com.br\/index.php\/wp-json\/wp\/v2\/users\/5"}],"replies":[{"embeddable":true,"href":"https:\/\/itapicurufm.com.br\/index.php\/wp-json\/wp\/v2\/comments?post=9122"}],"version-history":[{"count":1,"href":"https:\/\/itapicurufm.com.br\/index.php\/wp-json\/wp\/v2\/posts\/9122\/revisions"}],"predecessor-version":[{"id":9124,"href":"https:\/\/itapicurufm.com.br\/index.php\/wp-json\/wp\/v2\/posts\/9122\/revisions\/9124"}],"wp:featuredmedia":[{"embeddable":true,"href":"https:\/\/itapicurufm.com.br\/index.php\/wp-json\/wp\/v2\/media\/9123"}],"wp:attachment":[{"href":"https:\/\/itapicurufm.com.br\/index.php\/wp-json\/wp\/v2\/media?parent=9122"}],"wp:term":[{"taxonomy":"category","embeddable":true,"href":"https:\/\/itapicurufm.com.br\/index.php\/wp-json\/wp\/v2\/categories?post=9122"},{"taxonomy":"post_tag","embeddable":true,"href":"https:\/\/itapicurufm.com.br\/index.php\/wp-json\/wp\/v2\/tags?post=9122"}],"curies":[{"name":"wp","href":"https:\/\/api.w.org\/{rel}","templated":true}]}}