{"id":907,"date":"2020-05-29T06:33:30","date_gmt":"2020-05-29T09:33:30","guid":{"rendered":"http:\/\/itapicurufm.com.br\/?p=907"},"modified":"2020-05-29T06:33:31","modified_gmt":"2020-05-29T09:33:31","slug":"auxilio-emergencial-deve-ser-prorrogado-mas-valor-sera-debatido-afirma-maia","status":"publish","type":"post","link":"https:\/\/itapicurufm.com.br\/index.php\/2020\/05\/29\/auxilio-emergencial-deve-ser-prorrogado-mas-valor-sera-debatido-afirma-maia\/","title":{"rendered":"Aux\u00edlio emergencial deve ser prorrogado, mas valor ser\u00e1 debatido, afirma Maia"},"content":{"rendered":"\n<p>O presidente da C\u00e2mara dos Deputados, Rodrigo Maia (DEM-RJ), disse hoje (28) que acha &#8220;muito dif\u00edcil&#8221; que o aux\u00edlio emergencial para informais n\u00e3o seja prorrogado por mais tr\u00eas meses depois de junho. No entanto, o valor de R$ 600 ser\u00e1 discutido. A informa\u00e7\u00e3o foi divulgada pelo jornal O Globo.<\/p>\n\n\n\n<p>&#8220;Acho muito dif\u00edcil que n\u00e3o seja prorrogado. A gente sabe o custo. Eu tenho medo de redu\u00e7\u00e3o do custo do aux\u00edlio emergencial, o que isso impacta na rea\u00e7\u00e3o das pessoas. N\u00e3o \u00e9 uma decis\u00e3o simples. Prorrogar acho que \u00e9 um consenso. O que vai se debater \u00e9 o valor&#8221;, afirmou o presidente da C\u00e2mara.<\/p>\n\n\n\n<p>O valor do aux\u00edlio emergencial \u00e9 definido pelo Congresso Nacional a proposta inicial era um aux\u00edlio de R$ 200, parlamentares defenderam o aumento para R$ 600. O governo ainda n\u00e3o definiu uma proposta para a prorroga\u00e7\u00e3o.<\/p>\n","protected":false},"excerpt":{"rendered":"<p>O presidente da C\u00e2mara dos Deputados, Rodrigo Maia (DEM-RJ), disse hoje (28) que acha &#8220;muito dif\u00edcil&#8221; que o aux\u00edlio emergencial<\/p>\n","protected":false},"author":4,"featured_media":908,"comment_status":"open","ping_status":"closed","sticky":false,"template":"","format":"standard","meta":{"colormag_page_container_layout":"default_layout","colormag_page_sidebar_layout":"default_layout","footnotes":""},"categories":[8],"tags":[],"class_list":["post-907","post","type-post","status-publish","format-standard","has-post-thumbnail","hentry","category-brasil"],"_links":{"self":[{"href":"https:\/\/itapicurufm.com.br\/index.php\/wp-json\/wp\/v2\/posts\/907","targetHints":{"allow":["GET"]}}],"collection":[{"href":"https:\/\/itapicurufm.com.br\/index.php\/wp-json\/wp\/v2\/posts"}],"about":[{"href":"https:\/\/itapicurufm.com.br\/index.php\/wp-json\/wp\/v2\/types\/post"}],"author":[{"embeddable":true,"href":"https:\/\/itapicurufm.com.br\/index.php\/wp-json\/wp\/v2\/users\/4"}],"replies":[{"embeddable":true,"href":"https:\/\/itapicurufm.com.br\/index.php\/wp-json\/wp\/v2\/comments?post=907"}],"version-history":[{"count":1,"href":"https:\/\/itapicurufm.com.br\/index.php\/wp-json\/wp\/v2\/posts\/907\/revisions"}],"predecessor-version":[{"id":909,"href":"https:\/\/itapicurufm.com.br\/index.php\/wp-json\/wp\/v2\/posts\/907\/revisions\/909"}],"wp:featuredmedia":[{"embeddable":true,"href":"https:\/\/itapicurufm.com.br\/index.php\/wp-json\/wp\/v2\/media\/908"}],"wp:attachment":[{"href":"https:\/\/itapicurufm.com.br\/index.php\/wp-json\/wp\/v2\/media?parent=907"}],"wp:term":[{"taxonomy":"category","embeddable":true,"href":"https:\/\/itapicurufm.com.br\/index.php\/wp-json\/wp\/v2\/categories?post=907"},{"taxonomy":"post_tag","embeddable":true,"href":"https:\/\/itapicurufm.com.br\/index.php\/wp-json\/wp\/v2\/tags?post=907"}],"curies":[{"name":"wp","href":"https:\/\/api.w.org\/{rel}","templated":true}]}}