{"id":9052,"date":"2021-10-31T07:02:24","date_gmt":"2021-10-31T10:02:24","guid":{"rendered":"https:\/\/itapicurufm.com.br\/?p=9052"},"modified":"2021-10-31T07:02:25","modified_gmt":"2021-10-31T10:02:25","slug":"foi-uma-experiencia-unica-diz-adolfo-menezes-sobre-ter-assumido-governo-baiano","status":"publish","type":"post","link":"https:\/\/itapicurufm.com.br\/index.php\/2021\/10\/31\/foi-uma-experiencia-unica-diz-adolfo-menezes-sobre-ter-assumido-governo-baiano\/","title":{"rendered":"\u2018Foi uma experi\u00eancia \u00fanica\u2019, diz Adolfo Menezes sobre ter assumido governo baiano"},"content":{"rendered":"\n<p>Foram 14 dias como chefe do executivo baiano, entre 16 e 29 de outubro. Neste per\u00edodo, o deputado estadual e presidente da Assembleia Legislativa da Bahia (Alba), Adolfo Menezes, visitou seis munic\u00edpios, despachou no gabinete do governador, no Centro Administrativo, e deu ordens de servi\u00e7o autorizando obras nas \u00e1reas de educa\u00e7\u00e3o, infraestrutura e abastecimento de \u00e1gua, honrando o compromisso assumido com o governador Rui Costa, que viajou em miss\u00e3o internacional por pa\u00edses da Europa e \u00c1sia, em busca de investimentos para o estado.<\/p>\n\n\n\n<p>\u201cEu s\u00f3 tenho que agradecer. Primeiramente a Deus e segundo ao grande governador Rui Costa pela confian\u00e7a, por estar \u00e0 frente dos destinos da Bahia, mesmo que de forma interina. Com muita tranquilidade, tudo que estava previsto n\u00f3s demos andamento, cumprimos agenda at\u00e9 hoje com muito \u00eaxito. Eu j\u00e1 tenho muito anos na pol\u00edtica, mas foi uma experi\u00eancia \u00fanica tratar do dia a dia dos destinos de um estado como a Bahia, um dos principais estados na economia, um dos maiores em popula\u00e7\u00e3o e em \u00e1rea. A Bahia onde nasceu o Brasil. A Bahia de tantos talentos e de tanta hist\u00f3ria\u201d, declarou Menezes.<\/p>\n\n\n\n<p>Durante o exerc\u00edcio da fun\u00e7\u00e3o de governador, Menezes visitou os munic\u00edpios de Adustina, Campo Formoso, Santo Estev\u00e3o, Capela do Alto Alegre, Iti\u00faba e Miguel Calmon, onde autorizou obras para constru\u00e7\u00e3o e amplia\u00e7\u00e3o de escolas e gin\u00e1sios de esporte, entregou e licitou sistemas de abastecimento de \u00e1gua, al\u00e9m de obras de urbaniza\u00e7\u00e3o e de infraestrutura vi\u00e1ria. Uma delas foi a autoriza\u00e7\u00e3o da pavimenta\u00e7\u00e3o de 50 quil\u00f4metros da estrada que liga o entroncamento da BA-220, no distrito de Brej\u00e3o da Caatinga, \u00e0 localidade de S\u00e3o Tom\u00e9, em Campo Formoso, no centro norte do estado, terra natal de Menezes, que destacou a visita como o ponto mais marcante do per\u00edodo.<\/p>\n\n\n\n<p>\u201cO meu munic\u00edpio principal, onde eu nasci, o munic\u00edpio da minha fam\u00edlia, minha base maior, \u00e9 Campo Formoso. Foi o que mais me marcou visitar porque eu de l\u00e1 sa\u00ed crian\u00e7a e vim estudar em Salvador. E nunca esperava, nem nos sonhos, que galgaria, mesmo de forma interina, por pouco tempo, um cargo do n\u00edvel de governador do estado da Bahia e l\u00e1 tive a oportunidade de estar como governador. E mais do que isso, levando obras que se traduzem em desenvolvimento e na melhoria da qualidade de vida pra meus irm\u00e3os e irm\u00e3s\u201d, contou.<\/p>\n\n\n\n<p>Para o povo baiano, Menezes deixa uma \u201cmensagem de esperan\u00e7a e paz em tempos t\u00e3o dif\u00edceis que o Brasil atravessa. N\u00f3s temos \u00e0 frente dos destinos da Bahia um homem determinado, obstinado, trabalhador, que n\u00e3o se cansa, que tem uma energia fenomenal, que \u00e9 o governador Rui Costa, que trabalha dia e noite para melhorar a qualidade de vida dos baianos. A Bahia est\u00e1 em boas m\u00e3os\u201d.<\/p>\n\n\n\n<p>(https:\/\/clebervieiranews.com.br\/)<\/p>\n","protected":false},"excerpt":{"rendered":"<p>Foram 14 dias como chefe do executivo baiano, entre 16 e 29 de outubro. Neste per\u00edodo, o deputado estadual e<\/p>\n","protected":false},"author":5,"featured_media":9053,"comment_status":"open","ping_status":"closed","sticky":false,"template":"","format":"standard","meta":{"colormag_page_container_layout":"default_layout","colormag_page_sidebar_layout":"default_layout","footnotes":""},"categories":[8],"tags":[],"class_list":["post-9052","post","type-post","status-publish","format-standard","has-post-thumbnail","hentry","category-brasil"],"_links":{"self":[{"href":"https:\/\/itapicurufm.com.br\/index.php\/wp-json\/wp\/v2\/posts\/9052","targetHints":{"allow":["GET"]}}],"collection":[{"href":"https:\/\/itapicurufm.com.br\/index.php\/wp-json\/wp\/v2\/posts"}],"about":[{"href":"https:\/\/itapicurufm.com.br\/index.php\/wp-json\/wp\/v2\/types\/post"}],"author":[{"embeddable":true,"href":"https:\/\/itapicurufm.com.br\/index.php\/wp-json\/wp\/v2\/users\/5"}],"replies":[{"embeddable":true,"href":"https:\/\/itapicurufm.com.br\/index.php\/wp-json\/wp\/v2\/comments?post=9052"}],"version-history":[{"count":1,"href":"https:\/\/itapicurufm.com.br\/index.php\/wp-json\/wp\/v2\/posts\/9052\/revisions"}],"predecessor-version":[{"id":9054,"href":"https:\/\/itapicurufm.com.br\/index.php\/wp-json\/wp\/v2\/posts\/9052\/revisions\/9054"}],"wp:featuredmedia":[{"embeddable":true,"href":"https:\/\/itapicurufm.com.br\/index.php\/wp-json\/wp\/v2\/media\/9053"}],"wp:attachment":[{"href":"https:\/\/itapicurufm.com.br\/index.php\/wp-json\/wp\/v2\/media?parent=9052"}],"wp:term":[{"taxonomy":"category","embeddable":true,"href":"https:\/\/itapicurufm.com.br\/index.php\/wp-json\/wp\/v2\/categories?post=9052"},{"taxonomy":"post_tag","embeddable":true,"href":"https:\/\/itapicurufm.com.br\/index.php\/wp-json\/wp\/v2\/tags?post=9052"}],"curies":[{"name":"wp","href":"https:\/\/api.w.org\/{rel}","templated":true}]}}