{"id":9028,"date":"2021-10-31T06:16:07","date_gmt":"2021-10-31T09:16:07","guid":{"rendered":"https:\/\/itapicurufm.com.br\/?p=9028"},"modified":"2021-10-31T06:16:08","modified_gmt":"2021-10-31T09:16:08","slug":"acidente-entre-ambulancia-e-caminhonete-deixa-13-mortos","status":"publish","type":"post","link":"https:\/\/itapicurufm.com.br\/index.php\/2021\/10\/31\/acidente-entre-ambulancia-e-caminhonete-deixa-13-mortos\/","title":{"rendered":"Acidente entre ambul\u00e2ncia e caminhonete deixa 13 mortos"},"content":{"rendered":"\n<p>Um acidente entre uma ambul\u00e2ncia e uma caminhonete, neste s\u00e1bado, 30, deixou 13 mortos e duas pessoas gravemente feridas na BR-174, em Comodoro, a 677 km de Cuiab\u00e1 (MT). Segundo o delegado Ricardo Marques Sarto, da Pol\u00edcia Civil de Comodoro, os dois ve\u00edculos bateram de frente. A per\u00edcia apura as causas do acidente. Os feridos, um da ambul\u00e2ncia e outro da caminhonete, foram encaminhados para um hospital na cidade de C\u00e1rceres.<\/p>\n\n\n\n<p>Segundo informa\u00e7\u00f5es, 11 v\u00edtimas s\u00e3o da cidade de Comodoro, sendo que oito delas iam fazer hemodi\u00e1lise no munic\u00edpio de Vilhena, em Rond\u00f4nia. Al\u00e9m dos pacientes, estavam na ambul\u00e2ncia dois acompanhantes e um servidor p\u00fablico. O prefeito de Comodoro, Rog\u00e9rio Vilela, decretou luto oficial por tr\u00eas dias.<\/p>\n","protected":false},"excerpt":{"rendered":"<p>Um acidente entre uma ambul\u00e2ncia e uma caminhonete, neste s\u00e1bado, 30, deixou 13 mortos e duas pessoas gravemente feridas na<\/p>\n","protected":false},"author":5,"featured_media":9029,"comment_status":"open","ping_status":"closed","sticky":false,"template":"","format":"standard","meta":{"colormag_page_container_layout":"default_layout","colormag_page_sidebar_layout":"default_layout","footnotes":""},"categories":[8],"tags":[],"class_list":["post-9028","post","type-post","status-publish","format-standard","has-post-thumbnail","hentry","category-brasil"],"_links":{"self":[{"href":"https:\/\/itapicurufm.com.br\/index.php\/wp-json\/wp\/v2\/posts\/9028","targetHints":{"allow":["GET"]}}],"collection":[{"href":"https:\/\/itapicurufm.com.br\/index.php\/wp-json\/wp\/v2\/posts"}],"about":[{"href":"https:\/\/itapicurufm.com.br\/index.php\/wp-json\/wp\/v2\/types\/post"}],"author":[{"embeddable":true,"href":"https:\/\/itapicurufm.com.br\/index.php\/wp-json\/wp\/v2\/users\/5"}],"replies":[{"embeddable":true,"href":"https:\/\/itapicurufm.com.br\/index.php\/wp-json\/wp\/v2\/comments?post=9028"}],"version-history":[{"count":1,"href":"https:\/\/itapicurufm.com.br\/index.php\/wp-json\/wp\/v2\/posts\/9028\/revisions"}],"predecessor-version":[{"id":9030,"href":"https:\/\/itapicurufm.com.br\/index.php\/wp-json\/wp\/v2\/posts\/9028\/revisions\/9030"}],"wp:featuredmedia":[{"embeddable":true,"href":"https:\/\/itapicurufm.com.br\/index.php\/wp-json\/wp\/v2\/media\/9029"}],"wp:attachment":[{"href":"https:\/\/itapicurufm.com.br\/index.php\/wp-json\/wp\/v2\/media?parent=9028"}],"wp:term":[{"taxonomy":"category","embeddable":true,"href":"https:\/\/itapicurufm.com.br\/index.php\/wp-json\/wp\/v2\/categories?post=9028"},{"taxonomy":"post_tag","embeddable":true,"href":"https:\/\/itapicurufm.com.br\/index.php\/wp-json\/wp\/v2\/tags?post=9028"}],"curies":[{"name":"wp","href":"https:\/\/api.w.org\/{rel}","templated":true}]}}