{"id":9016,"date":"2021-10-28T20:16:32","date_gmt":"2021-10-28T23:16:32","guid":{"rendered":"https:\/\/itapicurufm.com.br\/?p=9016"},"modified":"2021-10-28T20:16:32","modified_gmt":"2021-10-28T23:16:32","slug":"adelson-carneiro-prestigia-agenda-do-governador-interino-adolfo-menezes-em-itiuba","status":"publish","type":"post","link":"https:\/\/itapicurufm.com.br\/index.php\/2021\/10\/28\/adelson-carneiro-prestigia-agenda-do-governador-interino-adolfo-menezes-em-itiuba\/","title":{"rendered":"Adelson Carneiro prestigia agenda do governador interino Adolfo Menezes, em Iti\u00faba"},"content":{"rendered":"\n<p>O vice prefeito de `Ponto Novo, Adelson participou nesta quinta feira, da visita que o governador Adolfo Menezes(interino) na cidade de Itiuba<\/p>\n\n\n\n<p>Adelson, no ato, representou o prefeito Thiago Gilleno, que n\u00e3o p\u00f4de comparecer <\/p>\n\n\n\n<p>&#8220;Aqui represento nosso grupo pol\u00edtico, prestigiando a presen\u00e7a do governo em nossa regi\u00e3o, e isto mostra a unidade de nosso grupo&#8221;<\/p>\n\n\n\n<figure class=\"wp-block-image size-large\"><img loading=\"lazy\" decoding=\"async\" width=\"1000\" height=\"563\" src=\"https:\/\/itapicurufm.com.br\/wp-content\/uploads\/2021\/10\/adelson-itiuba-web-2.jpg\" alt=\"\" class=\"wp-image-9017\" srcset=\"https:\/\/itapicurufm.com.br\/wp-content\/uploads\/2021\/10\/adelson-itiuba-web-2.jpg 1000w, https:\/\/itapicurufm.com.br\/wp-content\/uploads\/2021\/10\/adelson-itiuba-web-2-300x169.jpg 300w, https:\/\/itapicurufm.com.br\/wp-content\/uploads\/2021\/10\/adelson-itiuba-web-2-768x432.jpg 768w\" sizes=\"auto, (max-width: 1000px) 100vw, 1000px\" \/><\/figure>\n\n\n\n<figure class=\"wp-block-image size-large\"><img loading=\"lazy\" decoding=\"async\" width=\"1000\" height=\"563\" src=\"https:\/\/itapicurufm.com.br\/wp-content\/uploads\/2021\/10\/adelson-itiuba-web.jpg\" alt=\"\" class=\"wp-image-9018\" srcset=\"https:\/\/itapicurufm.com.br\/wp-content\/uploads\/2021\/10\/adelson-itiuba-web.jpg 1000w, https:\/\/itapicurufm.com.br\/wp-content\/uploads\/2021\/10\/adelson-itiuba-web-300x169.jpg 300w, https:\/\/itapicurufm.com.br\/wp-content\/uploads\/2021\/10\/adelson-itiuba-web-768x432.jpg 768w\" sizes=\"auto, (max-width: 1000px) 100vw, 1000px\" \/><\/figure>\n","protected":false},"excerpt":{"rendered":"<p>O vice prefeito de `Ponto Novo, Adelson participou nesta quinta feira, da visita que o governador Adolfo Menezes(interino) na cidade<\/p>\n","protected":false},"author":5,"featured_media":9019,"comment_status":"open","ping_status":"closed","sticky":false,"template":"","format":"standard","meta":{"colormag_page_container_layout":"default_layout","colormag_page_sidebar_layout":"default_layout","footnotes":""},"categories":[3],"tags":[],"class_list":["post-9016","post","type-post","status-publish","format-standard","has-post-thumbnail","hentry","category-pontonovo"],"_links":{"self":[{"href":"https:\/\/itapicurufm.com.br\/index.php\/wp-json\/wp\/v2\/posts\/9016","targetHints":{"allow":["GET"]}}],"collection":[{"href":"https:\/\/itapicurufm.com.br\/index.php\/wp-json\/wp\/v2\/posts"}],"about":[{"href":"https:\/\/itapicurufm.com.br\/index.php\/wp-json\/wp\/v2\/types\/post"}],"author":[{"embeddable":true,"href":"https:\/\/itapicurufm.com.br\/index.php\/wp-json\/wp\/v2\/users\/5"}],"replies":[{"embeddable":true,"href":"https:\/\/itapicurufm.com.br\/index.php\/wp-json\/wp\/v2\/comments?post=9016"}],"version-history":[{"count":1,"href":"https:\/\/itapicurufm.com.br\/index.php\/wp-json\/wp\/v2\/posts\/9016\/revisions"}],"predecessor-version":[{"id":9020,"href":"https:\/\/itapicurufm.com.br\/index.php\/wp-json\/wp\/v2\/posts\/9016\/revisions\/9020"}],"wp:featuredmedia":[{"embeddable":true,"href":"https:\/\/itapicurufm.com.br\/index.php\/wp-json\/wp\/v2\/media\/9019"}],"wp:attachment":[{"href":"https:\/\/itapicurufm.com.br\/index.php\/wp-json\/wp\/v2\/media?parent=9016"}],"wp:term":[{"taxonomy":"category","embeddable":true,"href":"https:\/\/itapicurufm.com.br\/index.php\/wp-json\/wp\/v2\/categories?post=9016"},{"taxonomy":"post_tag","embeddable":true,"href":"https:\/\/itapicurufm.com.br\/index.php\/wp-json\/wp\/v2\/tags?post=9016"}],"curies":[{"name":"wp","href":"https:\/\/api.w.org\/{rel}","templated":true}]}}