{"id":8995,"date":"2021-10-25T20:04:50","date_gmt":"2021-10-25T23:04:50","guid":{"rendered":"https:\/\/itapicurufm.com.br\/?p=8995"},"modified":"2021-10-25T20:04:51","modified_gmt":"2021-10-25T23:04:51","slug":"aumento-da-gasolina-chega-a-734-em-2021-diesel-subiu-653","status":"publish","type":"post","link":"https:\/\/itapicurufm.com.br\/index.php\/2021\/10\/25\/aumento-da-gasolina-chega-a-734-em-2021-diesel-subiu-653\/","title":{"rendered":"Aumento da gasolina chega a 73,4% em 2021; diesel subiu 65,3%"},"content":{"rendered":"\n<p>A\u00a0<a rel=\"noreferrer noopener\" href=\"https:\/\/www.metropoles.com\/tag\/petrobras\" target=\"_blank\">Petrobras<\/a>\u00a0anunciou nesta segunda-feira (25\/10) que ir\u00e1 elevar mais uma vez os pre\u00e7os da\u00a0<a rel=\"noreferrer noopener\" href=\"https:\/\/www.metropoles.com\/tag\/gasolina\" target=\"_blank\">gasolina<\/a>\u00a0e do\u00a0<a rel=\"noreferrer noopener\" href=\"https:\/\/www.metropoles.com\/tag\/diesel\/page\/9\" target=\"_blank\">diesel<\/a>\u00a0nas refinarias. \u00c9 a segunda alta em menos de um m\u00eas. Com 15 reajustes no valor do litro da gasolina (11 para cima e quatro para baixo), o combust\u00edvel acumula aumento de 73,4% apenas neste ano. O pre\u00e7o m\u00e9dio de venda passar\u00e1, a partir desta ter\u00e7a-feira (26\/10), de R$ 2,98 para R$ 3,19, alta de 7,04%.<\/p>\n\n\n\n<p>O diesel teve o pre\u00e7o elevado de R$ 3,06 para R$ 3,34 por litro, um aumento de 9,15%. Com isso, acumula alta em 2021 de 65,3% no valor exigido das distribuidoras.<\/p>\n\n\n\n<p><a rel=\"noreferrer noopener\" href=\"https:\/\/www.agenciapetrobras.com.br\/Materia\/ExibirMateria?p_materia=983886&amp;p_editoria=8\" target=\"_blank\">Segundo a Petrobras<\/a>, o reajuste foi necess\u00e1rio para \u201cgarantir que o mercado siga sendo suprido em bases econ\u00f4micas e sem riscos de desabastecimento pelos diferentes atores respons\u00e1veis pelo atendimento \u00e0s diversas regi\u00f5es brasileiras: distribuidores, importadores e outros produtores, al\u00e9m da Petrobras\u201d.<\/p>\n\n\n\n<p>A empresa afirmou ainda que a eleva\u00e7\u00e3o nos pre\u00e7os \u00e9 um reflexo da alta nos pre\u00e7os do petr\u00f3leo no mercado internacional e da taxa de c\u00e2mbio.<\/p>\n\n\n\n<p>Em live feita na semana passada, o presidente\u00a0<a rel=\"noreferrer noopener\" href=\"https:\/\/www.metropoles.com\/tag\/jair-bolsonaro\" target=\"_blank\">Jair Bolsonaro<\/a>\u00a0(sem partido)\u00a0<a rel=\"noreferrer noopener\" href=\"https:\/\/www.metropoles.com\/brasil\/bolsonaro-fala-em-novo-aumento-nos-combustiveis-so-ver-o-dolar\" target=\"_blank\">j\u00e1 havia antecipado<\/a>\u00a0poss\u00edvel novo aumento no pre\u00e7o dos combust\u00edveis.<\/p>\n\n\n\n<p>A empresa afirmou ainda que a eleva\u00e7\u00e3o nos pre\u00e7os \u00e9 um reflexo da alta nos pre\u00e7os do petr\u00f3leo no mercado internacional e da taxa de c\u00e2mbio.<\/p>\n\n\n\n<p>Em live feita na semana passada, o presidente&nbsp;<a href=\"https:\/\/www.metropoles.com\/tag\/jair-bolsonaro\" target=\"_blank\" rel=\"noreferrer noopener\">Jair Bolsonaro<\/a>&nbsp;(sem partido)&nbsp;<a href=\"https:\/\/www.metropoles.com\/brasil\/bolsonaro-fala-em-novo-aumento-nos-combustiveis-so-ver-o-dolar\" target=\"_blank\" rel=\"noreferrer noopener\">j\u00e1 havia antecipado<\/a>&nbsp;poss\u00edvel novo aumento no pre\u00e7o dos combust\u00edveis.<\/p>\n\n\n\n<p><\/p>\n\n\n\n<p><\/p>\n\n\n\n<p><\/p>\n","protected":false},"excerpt":{"rendered":"<p>A\u00a0Petrobras\u00a0anunciou nesta segunda-feira (25\/10) que ir\u00e1 elevar mais uma vez os pre\u00e7os da\u00a0gasolina\u00a0e do\u00a0diesel\u00a0nas refinarias. \u00c9 a segunda alta em<\/p>\n","protected":false},"author":5,"featured_media":8996,"comment_status":"open","ping_status":"closed","sticky":false,"template":"","format":"standard","meta":{"colormag_page_container_layout":"default_layout","colormag_page_sidebar_layout":"default_layout","footnotes":""},"categories":[8],"tags":[],"class_list":["post-8995","post","type-post","status-publish","format-standard","has-post-thumbnail","hentry","category-brasil"],"_links":{"self":[{"href":"https:\/\/itapicurufm.com.br\/index.php\/wp-json\/wp\/v2\/posts\/8995","targetHints":{"allow":["GET"]}}],"collection":[{"href":"https:\/\/itapicurufm.com.br\/index.php\/wp-json\/wp\/v2\/posts"}],"about":[{"href":"https:\/\/itapicurufm.com.br\/index.php\/wp-json\/wp\/v2\/types\/post"}],"author":[{"embeddable":true,"href":"https:\/\/itapicurufm.com.br\/index.php\/wp-json\/wp\/v2\/users\/5"}],"replies":[{"embeddable":true,"href":"https:\/\/itapicurufm.com.br\/index.php\/wp-json\/wp\/v2\/comments?post=8995"}],"version-history":[{"count":1,"href":"https:\/\/itapicurufm.com.br\/index.php\/wp-json\/wp\/v2\/posts\/8995\/revisions"}],"predecessor-version":[{"id":8997,"href":"https:\/\/itapicurufm.com.br\/index.php\/wp-json\/wp\/v2\/posts\/8995\/revisions\/8997"}],"wp:featuredmedia":[{"embeddable":true,"href":"https:\/\/itapicurufm.com.br\/index.php\/wp-json\/wp\/v2\/media\/8996"}],"wp:attachment":[{"href":"https:\/\/itapicurufm.com.br\/index.php\/wp-json\/wp\/v2\/media?parent=8995"}],"wp:term":[{"taxonomy":"category","embeddable":true,"href":"https:\/\/itapicurufm.com.br\/index.php\/wp-json\/wp\/v2\/categories?post=8995"},{"taxonomy":"post_tag","embeddable":true,"href":"https:\/\/itapicurufm.com.br\/index.php\/wp-json\/wp\/v2\/tags?post=8995"}],"curies":[{"name":"wp","href":"https:\/\/api.w.org\/{rel}","templated":true}]}}