{"id":8982,"date":"2021-10-24T07:09:09","date_gmt":"2021-10-24T10:09:09","guid":{"rendered":"https:\/\/itapicurufm.com.br\/?p=8982"},"modified":"2021-10-24T07:09:11","modified_gmt":"2021-10-24T10:09:11","slug":"ponto-novo-vereador-arnobio-carneiro-cria-projeto-de-lei-que-reduz-carga-horaria-de-servidores-efetivos-que-tenham-filho-com-dependencia","status":"publish","type":"post","link":"https:\/\/itapicurufm.com.br\/index.php\/2021\/10\/24\/ponto-novo-vereador-arnobio-carneiro-cria-projeto-de-lei-que-reduz-carga-horaria-de-servidores-efetivos-que-tenham-filho-com-dependencia\/","title":{"rendered":"Ponto Novo: Vereador Arn\u00f3bio Carneiro cria Projeto de Lei que reduz carga hor\u00e1ria de servidores efetivos que tenham filho com depend\u00eancia"},"content":{"rendered":"\n<p>Foi apresentado na C\u00e2mara Municipal de Ponto Novo na \u00faltima quarta-feira (20) a redu\u00e7\u00e3o da carga hor\u00e1ria para servidores p\u00fablicos municipais que tenham c\u00f4njuge, companheiro, filho ou pessoa com defici\u00eancia sob sua guarda.<\/p>\n\n\n\n<p>De acordo com o projeto, esses servidores poder\u00e3o reduzir a carga hor\u00e1ria em at\u00e9 2h os que tenham 20h semanais e 3h os que tenham 40h semanais, independente de compensa\u00e7\u00e3o de hor\u00e1rio, sem preju\u00edzo do exerc\u00edcio do cargo e de sua remunera\u00e7\u00e3o.<\/p>\n\n\n\n<p>Ainda de acordo com o projeto do vereador Arn\u00f3bio Carneiro, a redu\u00e7\u00e3o da jornada &#8220;ser\u00e1 concedida desde que comprovada a necessidade de acompanhamento da pessoa com defici\u00eancia atrav\u00e9s de laudo de m\u00e9dico especializado&#8221;.<\/p>\n\n\n\n<p>\u201cAprovar esse texto \u00e9 conquistar uma grande vit\u00f3ria na luta pela igualdade em nossa cidade. A mat\u00e9ria estabelece que os trabalhadores que tenham filhos com dependentes, com defici\u00eancia cong\u00eanita ou adquirida com qualquer idade, tenham a jornada de trabalho reduzida sem qualquer \u00f4nus financeiro. Esses servidores ter\u00e3o mais tempo para acompanhar o atendimento de seus familiares, que necessitam de cuidados especiais, espero e sei que o prefeito, Dr. Thiago Gilleno sens\u00edvel\u00a0a essa situa\u00e7\u00e3o sancione esse projeto\u201d, destacou Arn\u00f3bio Carneiro.<\/p>\n\n\n\n<p>(iterativapn.com)<\/p>\n\n\n\n<p><\/p>\n","protected":false},"excerpt":{"rendered":"<p>Foi apresentado na C\u00e2mara Municipal de Ponto Novo na \u00faltima quarta-feira (20) a redu\u00e7\u00e3o da carga hor\u00e1ria para servidores p\u00fablicos<\/p>\n","protected":false},"author":5,"featured_media":8983,"comment_status":"open","ping_status":"closed","sticky":false,"template":"","format":"standard","meta":{"colormag_page_container_layout":"default_layout","colormag_page_sidebar_layout":"default_layout","footnotes":""},"categories":[3],"tags":[],"class_list":["post-8982","post","type-post","status-publish","format-standard","has-post-thumbnail","hentry","category-pontonovo"],"_links":{"self":[{"href":"https:\/\/itapicurufm.com.br\/index.php\/wp-json\/wp\/v2\/posts\/8982","targetHints":{"allow":["GET"]}}],"collection":[{"href":"https:\/\/itapicurufm.com.br\/index.php\/wp-json\/wp\/v2\/posts"}],"about":[{"href":"https:\/\/itapicurufm.com.br\/index.php\/wp-json\/wp\/v2\/types\/post"}],"author":[{"embeddable":true,"href":"https:\/\/itapicurufm.com.br\/index.php\/wp-json\/wp\/v2\/users\/5"}],"replies":[{"embeddable":true,"href":"https:\/\/itapicurufm.com.br\/index.php\/wp-json\/wp\/v2\/comments?post=8982"}],"version-history":[{"count":1,"href":"https:\/\/itapicurufm.com.br\/index.php\/wp-json\/wp\/v2\/posts\/8982\/revisions"}],"predecessor-version":[{"id":8984,"href":"https:\/\/itapicurufm.com.br\/index.php\/wp-json\/wp\/v2\/posts\/8982\/revisions\/8984"}],"wp:featuredmedia":[{"embeddable":true,"href":"https:\/\/itapicurufm.com.br\/index.php\/wp-json\/wp\/v2\/media\/8983"}],"wp:attachment":[{"href":"https:\/\/itapicurufm.com.br\/index.php\/wp-json\/wp\/v2\/media?parent=8982"}],"wp:term":[{"taxonomy":"category","embeddable":true,"href":"https:\/\/itapicurufm.com.br\/index.php\/wp-json\/wp\/v2\/categories?post=8982"},{"taxonomy":"post_tag","embeddable":true,"href":"https:\/\/itapicurufm.com.br\/index.php\/wp-json\/wp\/v2\/tags?post=8982"}],"curies":[{"name":"wp","href":"https:\/\/api.w.org\/{rel}","templated":true}]}}