{"id":889,"date":"2020-05-28T11:04:36","date_gmt":"2020-05-28T14:04:36","guid":{"rendered":"http:\/\/itapicurufm.com.br\/?p=889"},"modified":"2020-05-28T11:04:37","modified_gmt":"2020-05-28T14:04:37","slug":"pre-candidato-a-vereador-e-assassinado","status":"publish","type":"post","link":"https:\/\/itapicurufm.com.br\/index.php\/2020\/05\/28\/pre-candidato-a-vereador-e-assassinado\/","title":{"rendered":"Pr\u00e9-candidato a vereador \u00e9 assassinado"},"content":{"rendered":"\n<p>Um homem identificado como Josemar Jesus de Afonso, conhecido por \u201cSebastian\u201d foi assassinado a tiros na noite desta quarta-feira, 27, na zona rural do Munic\u00edpio de S\u00e3o Domingos, no territ\u00f3rio do sisal. As primeiras informa\u00e7\u00f5es que chegaram a reda\u00e7\u00e3o do Calila Noticias d\u00e3o conta que a v\u00edtima estava em sua resid\u00eancia na comunidade Queimada do Rumo quando surgiram duas motocicletas por volta das 21h e os homens o chamaram dizendo que era a Pol\u00edcia, quando o mesmo abriu a porta derrubaram ele e fizeram diversos disparos atingindo v\u00e1rias partes do corpo e o mesmo morreu no local. O Calila Not\u00edcias entrou em contato com o vereador Rafael Rios (SD) para saber como era a vida de Sebastian no munic\u00edpio e ele informou que n\u00e3o tem conhecimento de que o mesmo tenha envolvimento com atos il\u00edcitos, contou apenas que Sebastian foi um apoiador de sua campanha de vereador em 2016, \u201d sabendo que n\u00e3o vou disputar a reelei\u00e7\u00e3o, ele ficou empolgado e disse que iria encarar a disputa, eu o filiei no Solidariedade, tivemos reuni\u00e3o do partido e ele participou, estava realmente empolgado em concorrer, mas aconteceu isto\u201d, contou Doutor Rafael como \u00e9 conhecido popularmente o vereador que \u00e9 advogado.Outra fonte informou ao CN que Josemar h\u00e1 alguns anos sofreu tentativa de homic\u00eddio chegou a ser baleado, mas se recuperou.<\/p>\n\n\n\n<p>At\u00e9 o fechamento dessa reportagem n\u00e3o havia informa\u00e7\u00e3o sobre autoria e motiva\u00e7\u00e3o do crime. O Corpo ser\u00e1 levado para o Departamento de Pol\u00edcia T\u00e9cnica \u2013 DPT de Serrinha(https:\/\/jorgequixabeira.com.br\/)<\/p>\n","protected":false},"excerpt":{"rendered":"<p>Um homem identificado como Josemar Jesus de Afonso, conhecido por \u201cSebastian\u201d foi assassinado a tiros na noite desta quarta-feira, 27,<\/p>\n","protected":false},"author":4,"featured_media":890,"comment_status":"open","ping_status":"closed","sticky":false,"template":"","format":"standard","meta":{"colormag_page_container_layout":"default_layout","colormag_page_sidebar_layout":"default_layout","footnotes":""},"categories":[4,1],"tags":[],"class_list":["post-889","post","type-post","status-publish","format-standard","has-post-thumbnail","hentry","category-regiao","category-geral"],"_links":{"self":[{"href":"https:\/\/itapicurufm.com.br\/index.php\/wp-json\/wp\/v2\/posts\/889","targetHints":{"allow":["GET"]}}],"collection":[{"href":"https:\/\/itapicurufm.com.br\/index.php\/wp-json\/wp\/v2\/posts"}],"about":[{"href":"https:\/\/itapicurufm.com.br\/index.php\/wp-json\/wp\/v2\/types\/post"}],"author":[{"embeddable":true,"href":"https:\/\/itapicurufm.com.br\/index.php\/wp-json\/wp\/v2\/users\/4"}],"replies":[{"embeddable":true,"href":"https:\/\/itapicurufm.com.br\/index.php\/wp-json\/wp\/v2\/comments?post=889"}],"version-history":[{"count":1,"href":"https:\/\/itapicurufm.com.br\/index.php\/wp-json\/wp\/v2\/posts\/889\/revisions"}],"predecessor-version":[{"id":891,"href":"https:\/\/itapicurufm.com.br\/index.php\/wp-json\/wp\/v2\/posts\/889\/revisions\/891"}],"wp:featuredmedia":[{"embeddable":true,"href":"https:\/\/itapicurufm.com.br\/index.php\/wp-json\/wp\/v2\/media\/890"}],"wp:attachment":[{"href":"https:\/\/itapicurufm.com.br\/index.php\/wp-json\/wp\/v2\/media?parent=889"}],"wp:term":[{"taxonomy":"category","embeddable":true,"href":"https:\/\/itapicurufm.com.br\/index.php\/wp-json\/wp\/v2\/categories?post=889"},{"taxonomy":"post_tag","embeddable":true,"href":"https:\/\/itapicurufm.com.br\/index.php\/wp-json\/wp\/v2\/tags?post=889"}],"curies":[{"name":"wp","href":"https:\/\/api.w.org\/{rel}","templated":true}]}}