{"id":8598,"date":"2021-09-18T07:46:29","date_gmt":"2021-09-18T10:46:29","guid":{"rendered":"https:\/\/itapicurufm.com.br\/?p=8598"},"modified":"2021-09-18T07:46:30","modified_gmt":"2021-09-18T10:46:30","slug":"datafolha-lula-segue-a-frente-de-bolsonaro-e-no-2o-turno-tem-56-contra-31","status":"publish","type":"post","link":"https:\/\/itapicurufm.com.br\/index.php\/2021\/09\/18\/datafolha-lula-segue-a-frente-de-bolsonaro-e-no-2o-turno-tem-56-contra-31\/","title":{"rendered":"Datafolha: Lula segue \u00e0 frente de Bolsonaro e, no 2\u00ba turno, tem 56% contra 31%"},"content":{"rendered":"\n<p>Pesquisa do instituto Datafolha divulgada nesta sexta-feira (17) pelo site do jornal &#8220;Folha de S.Paulo&#8221; revela os \u00edndices de inten\u00e7\u00e3o de voto para a elei\u00e7\u00e3o presidencial de 2022. Lula manteve a lideran\u00e7a em rela\u00e7\u00e3o a Bolsonaro. No segundo turno, o ex-presidente tem 56% contra 31%. Lula tamb\u00e9m ganha nas simula\u00e7\u00f5es de disputa com os outros candidatos no segundo turno. J\u00e1 Bolsonaro perde nos cen\u00e1rios pesquisados.<\/p>\n\n\n\n<p>A pesquisa ouviu 3.667 pessoas entre os dias 13 e 15 de setembro em 190 cidades brasileiras. A margem de erro \u00e9 de dois pontos para mais ou para menos, dentro do n\u00edvel de confian\u00e7a de 95%.<\/p>\n\n\n\n<h2 class=\"wp-block-heading\">Pesquisa estimulada de inten\u00e7\u00f5es de voto no 1\u00ba turno<\/h2>\n\n\n\n<p><strong>CEN\u00c1RIO A<\/strong><\/p>\n\n\n\n<ul class=\"wp-block-list\"><li><a href=\"https:\/\/g1.globo.com\/politica\/politico\/lula\/\">Lula<\/a><strong>(PT):&nbsp;<\/strong>44% (46% na pesquisa anterior)<\/li><li><a href=\"https:\/\/g1.globo.com\/politica\/politico\/jair-bolsonaro\/\">Jair Bolsonaro<\/a><strong>&nbsp;(sem partido):<\/strong>&nbsp;26% (25% na pesquisa anterior)<\/li><li><a href=\"https:\/\/g1.globo.com\/politica\/politico\/ciro-gomes\/\">Ciro Gomes<\/a><strong>&nbsp;(PDT):&nbsp;<\/strong>9% (8% na pesquisa anterior)<\/li><li><a href=\"https:\/\/g1.globo.com\/politica\/politico\/joao-doria\/\">Jo\u00e3o Doria<\/a>&nbsp;<strong>(PSDB):<\/strong>&nbsp;4% (5% na pesquisa anterior)<\/li><li><a href=\"https:\/\/g1.globo.com\/politica\/politico\/luiz-henrique-mandetta\/\">Luiz Henrique Mandetta<\/a>&nbsp;<strong>(DEM):&nbsp;<\/strong>3% (4% na pesquisa anterior)<\/li><li><strong>Em branco\/nulo\/nenhum:&nbsp;<\/strong>11% (10% na pesquisa anterior)<\/li><li><strong>N\u00e3o sabe:<\/strong>&nbsp;2% (2% na pesquisa anterior)<\/li><\/ul>\n\n\n\n\n\n<p><strong>CEN\u00c1RIO B<\/strong><\/p>\n\n\n\n<ul class=\"wp-block-list\"><li><strong>Lula (PT):<\/strong>&nbsp;42 (46% na pesquisa anterior)<\/li><li><strong>Jair Bolsonaro (sem partido):<\/strong>&nbsp;25% (25% na pesquisa anterior)<\/li><li><strong>Ciro Gomes (PDT):<\/strong>&nbsp;12% (9% na pesquisa anterior)<\/li><li><strong>Eduardo Leite (PSDB):&nbsp;<\/strong>4% (3% na pesquisa anterior)<\/li><li><strong>Luiz Henrique Mandetta (DEM):<\/strong>&nbsp;2% (5% na pesquisa anterior)<\/li><li><strong>Em branco\/nulo\/nenhum:<\/strong>&nbsp;11% (10% na pesquisa anterior)<\/li><li><strong>N\u00e3o sabe:<\/strong>&nbsp;2% (2% na pesquisa anterior)<\/li><\/ul>\n\n\n\n<p><strong>CEN\u00c1RIO C<\/strong><\/p>\n\n\n\n<ul class=\"wp-block-list\"><li><strong>Lula (PT):<\/strong>\u00a044%<\/li><li><strong>Jair Bolsonaro (sem partido):<\/strong>\u00a026%<\/li><li><strong>Ciro Gomes (PDT):\u00a0<\/strong>11%<\/li><li><strong>Jo\u00e3o Doria (PSDB):\u00a0<\/strong>6%<\/li><li><strong>Em branco\/nulo\/nenhum:<\/strong>\u00a011%<\/li><li><strong>N\u00e3o sabe:\u00a0<\/strong>1%<\/li><\/ul>\n\n\n\n<p><strong>CEN\u00c1RIO D<\/strong><\/p>\n\n\n\n<ul class=\"wp-block-list\"><li><strong>Lula (PT):&nbsp;<\/strong>42%<\/li><li><strong>Jair Bolsonaro (sem partido):&nbsp;<\/strong>24%<\/li><li><strong>Ciro Gomes (PDT):<\/strong>&nbsp;10%<\/li><li><strong>Jo\u00e3o Doria (PSDB):<\/strong>&nbsp;5%<\/li><li><strong>Jos\u00e9 Luiz Datena (PSL):&nbsp;<\/strong>4%<\/li><li><strong>Simone Tebet (MDB):<\/strong>&nbsp;2%<\/li><li><strong>Aldo Rebelo (sem partido):<\/strong>&nbsp;1%<\/li><li><strong>Rodrigo Pacheco (DEM):<\/strong>&nbsp;1%<\/li><li><strong>Alessandro Vieira (Cidadania):&nbsp;<\/strong>0%<\/li><li><strong>Em branco\/nulo\/nenhum:&nbsp;<\/strong>10%<\/li><li><strong>N\u00e3o sabe:<\/strong>&nbsp;2%<\/li><\/ul>\n\n\n\n<ul class=\"wp-block-list\"><li><\/li><\/ul>\n\n\n\n<p>Os cen\u00e1rios&nbsp;<strong>C<\/strong>&nbsp;e&nbsp;<strong>D<\/strong>&nbsp;n\u00e3o foram inclu\u00eddos na pesquisa anterior. Esta \u00e9 a terceira pesquisa Datafolha para as elei\u00e7\u00f5es de 2022 desde que&nbsp;<a href=\"https:\/\/g1.globo.com\/politica\/noticia\/2021\/04\/15\/maioria-do-stf-rejeita-recurso-que-busca-manter-condenacoes-de-lula-julgamento-continua-dia-22.ghtml\">Lula recuperou os poderes pol\u00edticos<\/a>.<\/p>\n\n\n\n<h2 class=\"wp-block-heading\"><strong>Pesquisa espont\u00e2nea de inten\u00e7\u00f5es de voto no 1\u00ba turno<\/strong><\/h2>\n\n\n\n<ul class=\"wp-block-list\"><li><strong>Lula (PT):<\/strong>\u00a027% (26% na pesquisa anterior)<\/li><li><strong>Jair Bolsonaro (sem partido):<\/strong>\u00a020% (19% na pesquisa anterior)<\/li><li><strong>Ciro Gomes (PDT):<\/strong>\u00a02% (2% na pesquisa anterior)<\/li><li><strong>Outros:<\/strong>\u00a03% (2% na pesquisa anterior)<\/li><li><strong>Em branco\/nulo\/nenhum:<\/strong>\u00a010% (7% na pesquisa anterior)<\/li><li><strong>N\u00e3o sabe:<\/strong>\u00a038% (42% na pesquisa anterior)<\/li><\/ul>\n\n\n\n<h2 class=\"wp-block-heading\">Veja, abaixo, simula\u00e7\u00f5es de 2\u00ba turno:<\/h2>\n\n\n\n<p><strong>Inten\u00e7\u00e3o de voto no 2\u00ba turno em uma disputa entre Lula e Bolsonaro<\/strong><\/p>\n\n\n\n<ul class=\"wp-block-list\"><li><strong>Lula (PT):&nbsp;<\/strong>56%&nbsp;<strong>(<\/strong>58% na pesquisa anterior)<\/li><li><strong>Bolsonaro (sem partido):&nbsp;<\/strong>31% (31% na pesquisa anterior)<\/li><li><strong>Em branco\/nulo\/nenhum:&nbsp;<\/strong>13% (10% na pesquisa anterior)<\/li><li><strong>N\u00e3o sabe:&nbsp;<\/strong>1% (1% na pesquisa anterior)<\/li><\/ul>\n","protected":false},"excerpt":{"rendered":"<p>Pesquisa do instituto Datafolha divulgada nesta sexta-feira (17) pelo site do jornal &#8220;Folha de S.Paulo&#8221; revela os \u00edndices de inten\u00e7\u00e3o<\/p>\n","protected":false},"author":5,"featured_media":8599,"comment_status":"open","ping_status":"closed","sticky":false,"template":"","format":"standard","meta":{"colormag_page_container_layout":"default_layout","colormag_page_sidebar_layout":"default_layout","footnotes":""},"categories":[8],"tags":[],"class_list":["post-8598","post","type-post","status-publish","format-standard","has-post-thumbnail","hentry","category-brasil"],"_links":{"self":[{"href":"https:\/\/itapicurufm.com.br\/index.php\/wp-json\/wp\/v2\/posts\/8598","targetHints":{"allow":["GET"]}}],"collection":[{"href":"https:\/\/itapicurufm.com.br\/index.php\/wp-json\/wp\/v2\/posts"}],"about":[{"href":"https:\/\/itapicurufm.com.br\/index.php\/wp-json\/wp\/v2\/types\/post"}],"author":[{"embeddable":true,"href":"https:\/\/itapicurufm.com.br\/index.php\/wp-json\/wp\/v2\/users\/5"}],"replies":[{"embeddable":true,"href":"https:\/\/itapicurufm.com.br\/index.php\/wp-json\/wp\/v2\/comments?post=8598"}],"version-history":[{"count":1,"href":"https:\/\/itapicurufm.com.br\/index.php\/wp-json\/wp\/v2\/posts\/8598\/revisions"}],"predecessor-version":[{"id":8600,"href":"https:\/\/itapicurufm.com.br\/index.php\/wp-json\/wp\/v2\/posts\/8598\/revisions\/8600"}],"wp:featuredmedia":[{"embeddable":true,"href":"https:\/\/itapicurufm.com.br\/index.php\/wp-json\/wp\/v2\/media\/8599"}],"wp:attachment":[{"href":"https:\/\/itapicurufm.com.br\/index.php\/wp-json\/wp\/v2\/media?parent=8598"}],"wp:term":[{"taxonomy":"category","embeddable":true,"href":"https:\/\/itapicurufm.com.br\/index.php\/wp-json\/wp\/v2\/categories?post=8598"},{"taxonomy":"post_tag","embeddable":true,"href":"https:\/\/itapicurufm.com.br\/index.php\/wp-json\/wp\/v2\/tags?post=8598"}],"curies":[{"name":"wp","href":"https:\/\/api.w.org\/{rel}","templated":true}]}}