{"id":8423,"date":"2021-09-03T19:50:02","date_gmt":"2021-09-03T22:50:02","guid":{"rendered":"https:\/\/itapicurufm.com.br\/?p=8423"},"modified":"2021-09-03T19:50:03","modified_gmt":"2021-09-03T22:50:03","slug":"mais-um-deputado-do-pp-deve-deixar-base-de-rui-e-a-peleja-entre-otto-e-coronel","status":"publish","type":"post","link":"https:\/\/itapicurufm.com.br\/index.php\/2021\/09\/03\/mais-um-deputado-do-pp-deve-deixar-base-de-rui-e-a-peleja-entre-otto-e-coronel\/","title":{"rendered":"Mais um deputado do PP deve deixar base de Rui, e a peleja entre Otto e Coronel"},"content":{"rendered":"\n<p>Os senadores do PSD Otto Alencar e Angelo Coronel est\u00e3o em uma batalha velada. Tudo pela peleja entre Otto Filho e Diego Coronel, ambos candidatos a deputado federal &#8211; o primeiro vai para a reelei\u00e7\u00e3o. O centro da celeuma \u00e9 que eles est\u00e3o disputando as mesmas bases. Ser\u00e1 que isso pode trincar a rela\u00e7\u00e3o dos pais? O fato \u00e9 que &#8211; como dissemos no Al\u00f4 Al\u00f4 Pol\u00edtica da semana passada &#8211; o senador Angelo Coronel est\u00e1 cada vez mais pr\u00f3ximo do governo Bolsonaro. E Otto de Lula. \u00a0<\/p>\n\n\n\n<p><strong>Contexto amplo&nbsp;<\/strong><\/p>\n\n\n\n<p>Ali\u00e1s, para al\u00e9m da tens\u00e3o entre os filhos de Otto e Coronel, o clima na base aliada ao PT da Bahia n\u00e3o \u00e9 nada bom. Sobram queixas contra o governador Rui Costa (PT), seja pelo trato &#8220;descort\u00eas&#8221; com os parlamentares, seja por assuntos que come\u00e7aram a atingir a gest\u00e3o petista, como o aumento no pre\u00e7o dos combust\u00edveis e o caso dos respiradores, que segue sem resultado. At\u00e9 mesmo em grupos de WhatsApp, deputados da base est\u00e3o sendo questionados e recebendo &#8220;cobran\u00e7as&#8221;. \u00c9, a conta chegou&#8230; &nbsp;<\/p>\n\n\n\n<p><strong>Malas prontas&nbsp;<\/strong><\/p>\n\n\n\n<p>Essa insatisfa\u00e7\u00e3o foi exposta com a sa\u00edda do deputado estadual Robinho (PP) da base governista. Mas ele n\u00e3o \u00e9 o \u00fanico. Nos bastidores, comenta-se que quem tamb\u00e9m est\u00e1 de malas prontas para deixar o grupo de Rui e Wagner \u00e9 o deputado estadual pepista Dal, que tentar\u00e1 uma vaga na C\u00e2mara dos Deputados. O destino, dizem, \u00e9 o PSL, em articula\u00e7\u00e3o liderada pelo deputado federal Elmar Nascimento, que deve deixar o DEM e migrar para a legenda. O acordo, garantem fontes pr\u00f3ximas, foi selado e Dal, inclusive, j\u00e1 est\u00e1 abra\u00e7ado ao grupo do presidente nacional do DEM, ACM Neto. &nbsp;<\/p>\n\n\n\n<figure class=\"wp-block-table\"><table><tbody><tr><td><strong><\/strong><\/td><\/tr><tr><td><\/td><\/tr><\/tbody><\/table><\/figure>\n\n\n\n<p><strong>Emendas faroeste&nbsp;<\/strong><\/p>\n\n\n\n<p>Alguns deputados da base do governador Rui Costa (PT) est\u00e3o irritad\u00edssimos com o comportamento agressivo de outros pol\u00edticos do grupo junto a lideran\u00e7as do interior. N\u00e3o s\u00e3o poucos os parlamentares que se queixam de que est\u00e3o perdendo cabos eleitorais por conta das chamadas &#8220;emendas faroeste&#8221;, generosamente distribu\u00eddas pelo governo federal para aqueles que s\u00e3o fi\u00e9is em Bras\u00edlia, embora na Bahia fa\u00e7am discurso de independ\u00eancia ou de oposi\u00e7\u00e3o ao presidente Jair Bolsonaro (sem partido). Um dos mais insatisfeitos com isso \u00e9 o deputado federal Paulo Magalh\u00e3es (PSD), que at\u00e9 gravou um v\u00eddeo falando abertamente sobre o assunto.&nbsp;<\/p>\n\n\n\n<p><\/p>\n","protected":false},"excerpt":{"rendered":"<p>Os senadores do PSD Otto Alencar e Angelo Coronel est\u00e3o em uma batalha velada. Tudo pela peleja entre Otto Filho<\/p>\n","protected":false},"author":5,"featured_media":8424,"comment_status":"open","ping_status":"closed","sticky":false,"template":"","format":"standard","meta":{"colormag_page_container_layout":"default_layout","colormag_page_sidebar_layout":"default_layout","footnotes":""},"categories":[1],"tags":[],"class_list":["post-8423","post","type-post","status-publish","format-standard","has-post-thumbnail","hentry","category-geral"],"_links":{"self":[{"href":"https:\/\/itapicurufm.com.br\/index.php\/wp-json\/wp\/v2\/posts\/8423","targetHints":{"allow":["GET"]}}],"collection":[{"href":"https:\/\/itapicurufm.com.br\/index.php\/wp-json\/wp\/v2\/posts"}],"about":[{"href":"https:\/\/itapicurufm.com.br\/index.php\/wp-json\/wp\/v2\/types\/post"}],"author":[{"embeddable":true,"href":"https:\/\/itapicurufm.com.br\/index.php\/wp-json\/wp\/v2\/users\/5"}],"replies":[{"embeddable":true,"href":"https:\/\/itapicurufm.com.br\/index.php\/wp-json\/wp\/v2\/comments?post=8423"}],"version-history":[{"count":1,"href":"https:\/\/itapicurufm.com.br\/index.php\/wp-json\/wp\/v2\/posts\/8423\/revisions"}],"predecessor-version":[{"id":8425,"href":"https:\/\/itapicurufm.com.br\/index.php\/wp-json\/wp\/v2\/posts\/8423\/revisions\/8425"}],"wp:featuredmedia":[{"embeddable":true,"href":"https:\/\/itapicurufm.com.br\/index.php\/wp-json\/wp\/v2\/media\/8424"}],"wp:attachment":[{"href":"https:\/\/itapicurufm.com.br\/index.php\/wp-json\/wp\/v2\/media?parent=8423"}],"wp:term":[{"taxonomy":"category","embeddable":true,"href":"https:\/\/itapicurufm.com.br\/index.php\/wp-json\/wp\/v2\/categories?post=8423"},{"taxonomy":"post_tag","embeddable":true,"href":"https:\/\/itapicurufm.com.br\/index.php\/wp-json\/wp\/v2\/tags?post=8423"}],"curies":[{"name":"wp","href":"https:\/\/api.w.org\/{rel}","templated":true}]}}