{"id":8420,"date":"2021-09-03T19:25:37","date_gmt":"2021-09-03T22:25:37","guid":{"rendered":"https:\/\/itapicurufm.com.br\/?p=8420"},"modified":"2021-09-03T19:25:38","modified_gmt":"2021-09-03T22:25:38","slug":"ex-vice-prefeito-morre-apos-receber-cabecada-de-uma-egua","status":"publish","type":"post","link":"https:\/\/itapicurufm.com.br\/index.php\/2021\/09\/03\/ex-vice-prefeito-morre-apos-receber-cabecada-de-uma-egua\/","title":{"rendered":"Ex-vice prefeito morre ap\u00f3s receber cabe\u00e7ada de uma \u00e9gua"},"content":{"rendered":"\n<p>Pedro Monici Hellu, de 38 anos, ex-vice-prefeito de Patroc\u00ednio Paulista (SP) e diretor-executivo da JA Sa\u00fade Animal, ind\u00fastria farmac\u00eautica veterin\u00e1ria, faleceu na madrugada desta sexta-feira (3) ap\u00f3s uma colis\u00e3o com uma \u00e9gua.<\/p>\n\n\n\n<p>De acordo com a empresa, o caso aconteceu na tarde desta quinta (2), durante uma partida de polo em Indaiatuba (SP). Hellu, que era praticante de hipismo, levou uma cabe\u00e7ada de uma \u00e9gua e caiu desacordado.<\/p>\n\n\n\n<p>Ele foi socorrido e levado \u00e0s pressas para o Hospital Augusto de Oliveira Camargo (Haoc), em Indaiatuba, mas acabou falecendo em uma cirurgia durante a madrugada. As informa\u00e7\u00f5es s\u00e3o do G1.<br>&nbsp;<br>Entre 2017 e 2020, Hellu foi vice-prefeito de Patroc\u00ednio Paulista na gest\u00e3o de Jos\u00e9 Mauro Barcellos (Cidadania). A prefeitura do munic\u00edpio se manifestou sobre sua morte, decretando luto oficial de tr\u00eas dias, a partir desta sexta.<br>&nbsp;<br>&#8220;\u00c9 com grande pesar que a Prefeitura Municipal decreta Luto Oficial pelo falecimento do ex Vice-Prefeito Pedro Monici Hellu, jovem brilhante e empres\u00e1rio que amava Patroc\u00ednio Paulista\u201d, afirma em nota. \u201cFica decretado Luto Oficial por 03 (tr\u00eas) dias. DECRETO N\u00ba 3.479\/21, DE 03 DE SETEMBRO DE 2021.&#8221;<br>&nbsp;<br>Hellu estava noivo e n\u00e3o tinha filhos. Informa\u00e7\u00f5es sobre vel\u00f3rio e enterro ainda n\u00e3o foram divulgadas.<\/p>\n","protected":false},"excerpt":{"rendered":"<p>Pedro Monici Hellu, de 38 anos, ex-vice-prefeito de Patroc\u00ednio Paulista (SP) e diretor-executivo da JA Sa\u00fade Animal, ind\u00fastria farmac\u00eautica veterin\u00e1ria,<\/p>\n","protected":false},"author":5,"featured_media":8421,"comment_status":"open","ping_status":"closed","sticky":false,"template":"","format":"standard","meta":{"colormag_page_container_layout":"default_layout","colormag_page_sidebar_layout":"default_layout","footnotes":""},"categories":[1],"tags":[],"class_list":["post-8420","post","type-post","status-publish","format-standard","has-post-thumbnail","hentry","category-geral"],"_links":{"self":[{"href":"https:\/\/itapicurufm.com.br\/index.php\/wp-json\/wp\/v2\/posts\/8420","targetHints":{"allow":["GET"]}}],"collection":[{"href":"https:\/\/itapicurufm.com.br\/index.php\/wp-json\/wp\/v2\/posts"}],"about":[{"href":"https:\/\/itapicurufm.com.br\/index.php\/wp-json\/wp\/v2\/types\/post"}],"author":[{"embeddable":true,"href":"https:\/\/itapicurufm.com.br\/index.php\/wp-json\/wp\/v2\/users\/5"}],"replies":[{"embeddable":true,"href":"https:\/\/itapicurufm.com.br\/index.php\/wp-json\/wp\/v2\/comments?post=8420"}],"version-history":[{"count":1,"href":"https:\/\/itapicurufm.com.br\/index.php\/wp-json\/wp\/v2\/posts\/8420\/revisions"}],"predecessor-version":[{"id":8422,"href":"https:\/\/itapicurufm.com.br\/index.php\/wp-json\/wp\/v2\/posts\/8420\/revisions\/8422"}],"wp:featuredmedia":[{"embeddable":true,"href":"https:\/\/itapicurufm.com.br\/index.php\/wp-json\/wp\/v2\/media\/8421"}],"wp:attachment":[{"href":"https:\/\/itapicurufm.com.br\/index.php\/wp-json\/wp\/v2\/media?parent=8420"}],"wp:term":[{"taxonomy":"category","embeddable":true,"href":"https:\/\/itapicurufm.com.br\/index.php\/wp-json\/wp\/v2\/categories?post=8420"},{"taxonomy":"post_tag","embeddable":true,"href":"https:\/\/itapicurufm.com.br\/index.php\/wp-json\/wp\/v2\/tags?post=8420"}],"curies":[{"name":"wp","href":"https:\/\/api.w.org\/{rel}","templated":true}]}}