{"id":8202,"date":"2021-08-19T19:06:12","date_gmt":"2021-08-19T22:06:12","guid":{"rendered":"https:\/\/itapicurufm.com.br\/?p=8202"},"modified":"2021-08-19T19:06:14","modified_gmt":"2021-08-19T22:06:14","slug":"ponto-novo-realiza-conferencia-de-assistencia-social","status":"publish","type":"post","link":"https:\/\/itapicurufm.com.br\/index.php\/2021\/08\/19\/ponto-novo-realiza-conferencia-de-assistencia-social\/","title":{"rendered":"Ponto Novo realiza confer\u00eancia de assist\u00eancia social"},"content":{"rendered":"\n<p>A Prefeitura de Ponto Novo, por meio da Secretaria Municipal de Assist\u00eancia Social e do Conselho Municipal de Assist\u00eancia Social \u2013 CMAS, realizou nesta sexta-feira (19), a XIII Confer\u00eancia Municipal de Assist\u00eancia Social, com o tema &#8220;Direito do povo e Dever do Estado, com financiamento p\u00fablico, para enfrentar as desigualdades e garantir prote\u00e7\u00e3o social&#8221;. O evento foi realizado no Col\u00e9gio An\u00e1lia Moura, das 13h00 \u00e0s 18h00.A participa\u00e7\u00e3o aberta aos mun\u00edcipes, aos Demandat\u00e1rios do Sistema \u00danico de Assist\u00eancia Social (SUAS), aos profissionais da rede e entidades de atendimento, puderam debater durante a confer\u00eancia a situa\u00e7\u00e3o do munic\u00edpio em rela\u00e7\u00e3o aos seguintes eixos:<\/p>\n\n\n\n<p>Eixo 1: A Prote\u00e7\u00e3o Social n\u00e3o contributiva e o princ\u00edpio da equidade como paradigma para a gest\u00e3o dos direitos socioassistenciais no enfrentamento das desigualdades;<\/p>\n\n\n\n<p>Eixo 2: Financiamento e or\u00e7amento como instrumento para uma gest\u00e3o e compromissos e corresponsabildades dos entes federativos para garantia dos direitos socioassistenciais;<\/p>\n\n\n\n<p>Eixo 3: Controle social: o lugar da sociedade civil no SUAS e a import\u00e2ncia da participa\u00e7\u00e3o dos usu\u00e1rios;<\/p>\n\n\n\n<p>Eixo 4: Gest\u00e3o e acesso \u00e0s seguran\u00e7as socioassistenciais e a articula\u00e7\u00e3o entre servi\u00e7os, benef\u00edcios e transfer\u00eancia de renda como garantia de Direitos socioassistenciais e prote\u00e7\u00e3o social;<\/p>\n\n\n\n<p>Eixo 5: Atua\u00e7\u00e3o do SUAS em situa\u00e7\u00f5es de calamidade p\u00fablica e emerg\u00eancias. A Confer\u00eancia contou com a participa\u00e7\u00e3o de Andreson Reis, Sec. de Assistencia Social; Thiago Gilleno, Prefeito Municipal; Adelson Maia, Vice-Prefeito; Jos\u00e9 Guirra, Presidente da C\u00e2mara; Miguel dos Santos, Sec. de Adm; Joelma Oliveira, Sec. de Educa\u00e7\u00e3o; Kellyn Duanny, Sec. de Sa\u00fade, al\u00e9m de demais autoridades, e em especial, os demandantes dos servi\u00e7os do SUAS. A palestra foi realizada pelo Consultor de Programas Sociais, Ailton Ribeiro.<\/p>\n\n\n\n<p>Prefeitura de Ponto NovoSec. De Assist\u00eancia Social Governo Mudan\u00e7a e Renova\u00e7\u00e3oAscom<\/p>\n","protected":false},"excerpt":{"rendered":"<p>A Prefeitura de Ponto Novo, por meio da Secretaria Municipal de Assist\u00eancia Social e do Conselho Municipal de Assist\u00eancia Social<\/p>\n","protected":false},"author":5,"featured_media":8203,"comment_status":"open","ping_status":"closed","sticky":false,"template":"","format":"standard","meta":{"colormag_page_container_layout":"default_layout","colormag_page_sidebar_layout":"default_layout","footnotes":""},"categories":[3],"tags":[],"class_list":["post-8202","post","type-post","status-publish","format-standard","has-post-thumbnail","hentry","category-pontonovo"],"_links":{"self":[{"href":"https:\/\/itapicurufm.com.br\/index.php\/wp-json\/wp\/v2\/posts\/8202","targetHints":{"allow":["GET"]}}],"collection":[{"href":"https:\/\/itapicurufm.com.br\/index.php\/wp-json\/wp\/v2\/posts"}],"about":[{"href":"https:\/\/itapicurufm.com.br\/index.php\/wp-json\/wp\/v2\/types\/post"}],"author":[{"embeddable":true,"href":"https:\/\/itapicurufm.com.br\/index.php\/wp-json\/wp\/v2\/users\/5"}],"replies":[{"embeddable":true,"href":"https:\/\/itapicurufm.com.br\/index.php\/wp-json\/wp\/v2\/comments?post=8202"}],"version-history":[{"count":1,"href":"https:\/\/itapicurufm.com.br\/index.php\/wp-json\/wp\/v2\/posts\/8202\/revisions"}],"predecessor-version":[{"id":8204,"href":"https:\/\/itapicurufm.com.br\/index.php\/wp-json\/wp\/v2\/posts\/8202\/revisions\/8204"}],"wp:featuredmedia":[{"embeddable":true,"href":"https:\/\/itapicurufm.com.br\/index.php\/wp-json\/wp\/v2\/media\/8203"}],"wp:attachment":[{"href":"https:\/\/itapicurufm.com.br\/index.php\/wp-json\/wp\/v2\/media?parent=8202"}],"wp:term":[{"taxonomy":"category","embeddable":true,"href":"https:\/\/itapicurufm.com.br\/index.php\/wp-json\/wp\/v2\/categories?post=8202"},{"taxonomy":"post_tag","embeddable":true,"href":"https:\/\/itapicurufm.com.br\/index.php\/wp-json\/wp\/v2\/tags?post=8202"}],"curies":[{"name":"wp","href":"https:\/\/api.w.org\/{rel}","templated":true}]}}