{"id":7907,"date":"2021-07-24T06:21:53","date_gmt":"2021-07-24T09:21:53","guid":{"rendered":"https:\/\/itapicurufm.com.br\/?p=7907"},"modified":"2021-07-24T06:21:54","modified_gmt":"2021-07-24T09:21:54","slug":"detran-divulga-novos-prazos-de-servicos-de-transito-que-estavam-suspensos-na-pandemia","status":"publish","type":"post","link":"https:\/\/itapicurufm.com.br\/index.php\/2021\/07\/24\/detran-divulga-novos-prazos-de-servicos-de-transito-que-estavam-suspensos-na-pandemia\/","title":{"rendered":"Detran divulga novos prazos de servi\u00e7os de tr\u00e2nsito que estavam suspensos na pandemia"},"content":{"rendered":"\n<p>Passa a vigorar a partir do pr\u00f3ximo dia 02 de agosto um novo calend\u00e1rio de prazos e procedimentos para condutores, registro de ve\u00edculos novos e transfer\u00eancia de propriedade de ve\u00edculos em todos os munic\u00edpios baianos. A Delibera\u00e7\u00e3o do Conselho Nacional de Tr\u00e2nsito (Contran) foi publicada no Di\u00e1rio Oficial da Uni\u00e3o desta quinta (22) e atende solicita\u00e7\u00e3o do Departamento Estadual de Tr\u00e2nsito da Bahia (Detran-BA).<\/p>\n\n\n\n<p>Segundo a Delibera\u00e7\u00e3o 230 do Contran, a renova\u00e7\u00e3o da carteira de habilita\u00e7\u00e3o (CNH) e Autoriza\u00e7\u00e3o para Conduzir Ciclomotor (ACC) vencidas entre 1\u00ba de fevereiro de 2020 e 31 de dezembro de 2021, passa a seguir novo cronograma:<\/p>\n\n\n\n<p>A norma tamb\u00e9m trata do registro de ve\u00edculos. Os carros zero quil\u00f4metro adquiridos entre 12 de fevereiro de 2021 e 1\u00ba de agosto de 2021 dever\u00e3o ser registrados e licenciados at\u00e9 31 de agosto de 2021. Para a transfer\u00eancia de propriedade de ve\u00edculos seminovos adquiridos entre 28 de janeiro de 2021 e 1\u00ba de agosto de 2021, o prazo \u00e9 at\u00e9 30 de setembro.<\/p>\n\n\n\n<p>A Delibera\u00e7\u00e3o estabelece ainda novos prazos relativos \u00e0s notifica\u00e7\u00f5es de tr\u00e2nsito e penalidades j\u00e1 expedidas. O per\u00edodo de apresenta\u00e7\u00e3o de defesa pr\u00e9via e indica\u00e7\u00e3o do condutor infrator, para as notifica\u00e7\u00f5es expedidas at\u00e9 26 de fevereiro de 2021, fica estabelecido de 02 a 31 de agosto de 2021.<\/p>\n\n\n\n<p>A regulariza\u00e7\u00e3o pode ser efetuada atrav\u00e9s do portal (<a href=\"http:\/\/www.sacdigital.ba.gov.br\/\" target=\"_blank\" rel=\"noreferrer noopener\">www.sacdigital.ba.gov.br<\/a>) mediante agendamento e aplicativo SAC Digital.<\/p>\n\n\n\n<p>Confira o calend\u00e1rio completo no site do&nbsp;<a href=\"https:\/\/www.detran.ba.gov.br\/noticia.php?n=detran-ba-divulga-novos-prazos-de-servicos-de-transito\" target=\"_blank\" rel=\"noreferrer noopener\">Detran-BA<\/a>.<\/p>\n","protected":false},"excerpt":{"rendered":"<p>Passa a vigorar a partir do pr\u00f3ximo dia 02 de agosto um novo calend\u00e1rio de prazos e procedimentos para condutores,<\/p>\n","protected":false},"author":5,"featured_media":7908,"comment_status":"open","ping_status":"closed","sticky":false,"template":"","format":"standard","meta":{"colormag_page_container_layout":"default_layout","colormag_page_sidebar_layout":"default_layout","footnotes":""},"categories":[8],"tags":[],"class_list":["post-7907","post","type-post","status-publish","format-standard","has-post-thumbnail","hentry","category-brasil"],"_links":{"self":[{"href":"https:\/\/itapicurufm.com.br\/index.php\/wp-json\/wp\/v2\/posts\/7907","targetHints":{"allow":["GET"]}}],"collection":[{"href":"https:\/\/itapicurufm.com.br\/index.php\/wp-json\/wp\/v2\/posts"}],"about":[{"href":"https:\/\/itapicurufm.com.br\/index.php\/wp-json\/wp\/v2\/types\/post"}],"author":[{"embeddable":true,"href":"https:\/\/itapicurufm.com.br\/index.php\/wp-json\/wp\/v2\/users\/5"}],"replies":[{"embeddable":true,"href":"https:\/\/itapicurufm.com.br\/index.php\/wp-json\/wp\/v2\/comments?post=7907"}],"version-history":[{"count":1,"href":"https:\/\/itapicurufm.com.br\/index.php\/wp-json\/wp\/v2\/posts\/7907\/revisions"}],"predecessor-version":[{"id":7909,"href":"https:\/\/itapicurufm.com.br\/index.php\/wp-json\/wp\/v2\/posts\/7907\/revisions\/7909"}],"wp:featuredmedia":[{"embeddable":true,"href":"https:\/\/itapicurufm.com.br\/index.php\/wp-json\/wp\/v2\/media\/7908"}],"wp:attachment":[{"href":"https:\/\/itapicurufm.com.br\/index.php\/wp-json\/wp\/v2\/media?parent=7907"}],"wp:term":[{"taxonomy":"category","embeddable":true,"href":"https:\/\/itapicurufm.com.br\/index.php\/wp-json\/wp\/v2\/categories?post=7907"},{"taxonomy":"post_tag","embeddable":true,"href":"https:\/\/itapicurufm.com.br\/index.php\/wp-json\/wp\/v2\/tags?post=7907"}],"curies":[{"name":"wp","href":"https:\/\/api.w.org\/{rel}","templated":true}]}}