{"id":7904,"date":"2021-07-24T06:15:09","date_gmt":"2021-07-24T09:15:09","guid":{"rendered":"https:\/\/itapicurufm.com.br\/?p=7904"},"modified":"2021-07-24T06:15:10","modified_gmt":"2021-07-24T09:15:10","slug":"otto-diz-que-vai-buscar-entendimento-na-base-para-2022-muita-agua-vai-rolar","status":"publish","type":"post","link":"https:\/\/itapicurufm.com.br\/index.php\/2021\/07\/24\/otto-diz-que-vai-buscar-entendimento-na-base-para-2022-muita-agua-vai-rolar\/","title":{"rendered":"Otto diz que vai buscar entendimento na base para 2022: \u2018Muita \u00e1gua vai rolar\u2019"},"content":{"rendered":"\n<p>Recuperado da Covid-19, o senador Otto Alencar (PSD) afirmou ao&nbsp;<strong>bahia.ba<\/strong>&nbsp;na noite desta sexta-feira (23) que 2021 \u00e9 o ano da articula\u00e7\u00e3o pol\u00edtica visando a elei\u00e7\u00e3o do ano que vem. Ele ressaltou que buscar\u00e1 o entendimento dentro da base do governador Rui Costa (PT) para a disputa do pleito.<\/p>\n\n\n\n<p>Sobre a campanha de 2022, o presidente estadual do PSD disse que n\u00e3o faz pol\u00edtica com ambi\u00e7\u00e3o e que enfrentar\u00e1 mais uma miss\u00e3o. \u201cVaidade em pol\u00edtica \u00e9 a v\u00e9spera do fracasso. Eu n\u00e3o sou ambicioso, gra\u00e7as a Deus tenho miss\u00e3o de vida. Sou o homem do entendimento, isso que vou buscar junto ao meu grupo pol\u00edtico o ano que vem. Muita \u00e1gua vai rolar debaixo da ponte. Mas, eu estou sereno e seguro. Hoje fa\u00e7o fisioterapia para me recuperar e voltar logo ao trabalho\u201d, destacou o senador.<\/p>\n\n\n\n<p>Questionado sobre as recentes pesquisas de inten\u00e7\u00f5es de voto para o governo da Bahia, que colocam o presidente nacional do DEM, ACM Neto, na frente do senador Jaques Wagner (PT), Otto minimizou.\u201cSe pesquisa antes de elei\u00e7\u00e3o resolvesse, Wagner n\u00e3o tinha sido eleito, Rui Costa n\u00e3o era governador, eu n\u00e3o era senador. Eu sa\u00ed atr\u00e1s de Geddel Vieira Lima 10 pontos em 2014, tive mais de 1 milh\u00e3o de votos de frente. Ent\u00e3o, \u00e9 cedo, \u00e9 retrato de agora. Vamos em frente\u201d, opinou.<\/p>\n","protected":false},"excerpt":{"rendered":"<p>Recuperado da Covid-19, o senador Otto Alencar (PSD) afirmou ao&nbsp;bahia.ba&nbsp;na noite desta sexta-feira (23) que 2021 \u00e9 o ano da<\/p>\n","protected":false},"author":5,"featured_media":7905,"comment_status":"open","ping_status":"closed","sticky":false,"template":"","format":"standard","meta":{"colormag_page_container_layout":"default_layout","colormag_page_sidebar_layout":"default_layout","footnotes":""},"categories":[1],"tags":[],"class_list":["post-7904","post","type-post","status-publish","format-standard","has-post-thumbnail","hentry","category-geral"],"_links":{"self":[{"href":"https:\/\/itapicurufm.com.br\/index.php\/wp-json\/wp\/v2\/posts\/7904","targetHints":{"allow":["GET"]}}],"collection":[{"href":"https:\/\/itapicurufm.com.br\/index.php\/wp-json\/wp\/v2\/posts"}],"about":[{"href":"https:\/\/itapicurufm.com.br\/index.php\/wp-json\/wp\/v2\/types\/post"}],"author":[{"embeddable":true,"href":"https:\/\/itapicurufm.com.br\/index.php\/wp-json\/wp\/v2\/users\/5"}],"replies":[{"embeddable":true,"href":"https:\/\/itapicurufm.com.br\/index.php\/wp-json\/wp\/v2\/comments?post=7904"}],"version-history":[{"count":1,"href":"https:\/\/itapicurufm.com.br\/index.php\/wp-json\/wp\/v2\/posts\/7904\/revisions"}],"predecessor-version":[{"id":7906,"href":"https:\/\/itapicurufm.com.br\/index.php\/wp-json\/wp\/v2\/posts\/7904\/revisions\/7906"}],"wp:featuredmedia":[{"embeddable":true,"href":"https:\/\/itapicurufm.com.br\/index.php\/wp-json\/wp\/v2\/media\/7905"}],"wp:attachment":[{"href":"https:\/\/itapicurufm.com.br\/index.php\/wp-json\/wp\/v2\/media?parent=7904"}],"wp:term":[{"taxonomy":"category","embeddable":true,"href":"https:\/\/itapicurufm.com.br\/index.php\/wp-json\/wp\/v2\/categories?post=7904"},{"taxonomy":"post_tag","embeddable":true,"href":"https:\/\/itapicurufm.com.br\/index.php\/wp-json\/wp\/v2\/tags?post=7904"}],"curies":[{"name":"wp","href":"https:\/\/api.w.org\/{rel}","templated":true}]}}