{"id":7888,"date":"2021-07-22T06:30:30","date_gmt":"2021-07-22T09:30:30","guid":{"rendered":"https:\/\/itapicurufm.com.br\/?p=7888"},"modified":"2021-07-23T05:56:03","modified_gmt":"2021-07-23T08:56:03","slug":"ponto-novo-vacinacao-chega-a-faixa-etaria-de-27-anos","status":"publish","type":"post","link":"https:\/\/itapicurufm.com.br\/index.php\/2021\/07\/22\/ponto-novo-vacinacao-chega-a-faixa-etaria-de-27-anos\/","title":{"rendered":"Ponto Novo: Vacina\u00e7\u00e3o chega a faixa et\u00e1ria de 27 anos"},"content":{"rendered":"\n<p>Amanh\u00e3, sexta feira, dia 23, a secretaria de sa\u00fade de Ponto Novo, inicia a vacina\u00e7\u00e3o contra o covid-19 para as pessoas com 27 anos ou mais.<\/p>\n\n\n\n<p>Local de vacinas:<\/p>\n\n\n\n<p>Sede: Secretaria de sa\u00fade<\/p>\n\n\n\n<p><\/p>\n","protected":false},"excerpt":{"rendered":"<p>Amanh\u00e3, sexta feira, dia 23, a secretaria de sa\u00fade de Ponto Novo, inicia a vacina\u00e7\u00e3o contra o covid-19 para as<\/p>\n","protected":false},"author":5,"featured_media":7893,"comment_status":"open","ping_status":"closed","sticky":false,"template":"","format":"standard","meta":{"colormag_page_container_layout":"default_layout","colormag_page_sidebar_layout":"default_layout","footnotes":""},"categories":[3],"tags":[],"class_list":["post-7888","post","type-post","status-publish","format-standard","has-post-thumbnail","hentry","category-pontonovo"],"_links":{"self":[{"href":"https:\/\/itapicurufm.com.br\/index.php\/wp-json\/wp\/v2\/posts\/7888","targetHints":{"allow":["GET"]}}],"collection":[{"href":"https:\/\/itapicurufm.com.br\/index.php\/wp-json\/wp\/v2\/posts"}],"about":[{"href":"https:\/\/itapicurufm.com.br\/index.php\/wp-json\/wp\/v2\/types\/post"}],"author":[{"embeddable":true,"href":"https:\/\/itapicurufm.com.br\/index.php\/wp-json\/wp\/v2\/users\/5"}],"replies":[{"embeddable":true,"href":"https:\/\/itapicurufm.com.br\/index.php\/wp-json\/wp\/v2\/comments?post=7888"}],"version-history":[{"count":2,"href":"https:\/\/itapicurufm.com.br\/index.php\/wp-json\/wp\/v2\/posts\/7888\/revisions"}],"predecessor-version":[{"id":7894,"href":"https:\/\/itapicurufm.com.br\/index.php\/wp-json\/wp\/v2\/posts\/7888\/revisions\/7894"}],"wp:featuredmedia":[{"embeddable":true,"href":"https:\/\/itapicurufm.com.br\/index.php\/wp-json\/wp\/v2\/media\/7893"}],"wp:attachment":[{"href":"https:\/\/itapicurufm.com.br\/index.php\/wp-json\/wp\/v2\/media?parent=7888"}],"wp:term":[{"taxonomy":"category","embeddable":true,"href":"https:\/\/itapicurufm.com.br\/index.php\/wp-json\/wp\/v2\/categories?post=7888"},{"taxonomy":"post_tag","embeddable":true,"href":"https:\/\/itapicurufm.com.br\/index.php\/wp-json\/wp\/v2\/tags?post=7888"}],"curies":[{"name":"wp","href":"https:\/\/api.w.org\/{rel}","templated":true}]}}