{"id":7667,"date":"2021-07-06T06:01:24","date_gmt":"2021-07-06T09:01:24","guid":{"rendered":"https:\/\/itapicurufm.com.br\/?p=7667"},"modified":"2021-07-06T06:01:25","modified_gmt":"2021-07-06T09:01:25","slug":"rui-diz-que-vai-esperar-ate-dia-10-para-anunciar-volta-as-aulas","status":"publish","type":"post","link":"https:\/\/itapicurufm.com.br\/index.php\/2021\/07\/06\/rui-diz-que-vai-esperar-ate-dia-10-para-anunciar-volta-as-aulas\/","title":{"rendered":"Rui diz que vai esperar at\u00e9 dia 10 para anunciar volta \u00e0s aulas"},"content":{"rendered":"\n<p>O governador Rui Costa (PT) afirmou nesta segunda-feira, 5, que dever\u00e1 anunciar nos pr\u00f3ximos dias a data para retomada de aulas semipresenciais na Bahia. O gestor estadual afirmou que um eventual retorno do calend\u00e1rio letivo ocorrer\u00e1 somente se n\u00e3o houver um novo repique de contamina\u00e7\u00f5es por Covid-19 em decorr\u00eancia dos festejos de S\u00e3o Jo\u00e3o.&nbsp;<\/p>\n\n\n\n<p>\u201cN\u00f3s tomamos uma decis\u00e3o de aguardar um pouco, at\u00e9 o dia 10 de julho, pra saber se vai haver ou n\u00e3o algum efeito das festas juninas, se vai ter algum crescimento de casos em fun\u00e7\u00e3o das festas juninas\u201d, declarou o governador durante agenda na cidade de Brumado.&nbsp;<\/p>\n\n\n\n<p>Segundo o governador, atualmente, a taxa de ocupa\u00e7\u00e3o nas UTIs da rede p\u00fablica mant\u00e9m \u00edndice est\u00e1vel de 70% em praticamente todo o estado \u2013apenas duas regi\u00f5es t\u00eam taxa superior a 80%.&nbsp;&nbsp;<\/p>\n\n\n\n<p>&#8220;De forma prudente, cautelar, n\u00f3s resolvermos aguardar dez dias para saber se vai ter ou n\u00e3o algum efeito de crescimento fruto do S\u00e3o Jo\u00e3o. Estamos com 12 mil casos ativos. Em mar\u00e7o chegamos a 22 mil casos ativos. Mas n\u00e3o alcan\u00e7amos ainda o n\u00famero de fevereiro deste ano, quando t\u00ednhamos apenas 8 mil casos. Ent\u00e3o vamos monitorar at\u00e9 o dia 10 e, se n\u00e3o houver crescimento de casos nem taxa de ocupa\u00e7\u00e3o, vamos anunciar o retorno \u00e0s aulas\u201d, ressaltou Rui.<\/p>\n\n\n\n<p>Em 2020, os casos da doen\u00e7a mais do que triplicaram ap\u00f3s as festas juninas, segundo dados da Secretaria Estadual de Sa\u00fade (Sesab). No dia 6 de junho do mesmo ano, 15 dias antes do feriado de S\u00e3o Jo\u00e3o, a Bahia registrava 30.481 infectados pelo novo coronav\u00edrus. Um m\u00eas depois, os n\u00fameros saltaram para impressionantes 98.319.<\/p>\n","protected":false},"excerpt":{"rendered":"<p>O governador Rui Costa (PT) afirmou nesta segunda-feira, 5, que dever\u00e1 anunciar nos pr\u00f3ximos dias a data para retomada de<\/p>\n","protected":false},"author":5,"featured_media":7668,"comment_status":"open","ping_status":"closed","sticky":false,"template":"","format":"standard","meta":{"colormag_page_container_layout":"default_layout","colormag_page_sidebar_layout":"default_layout","footnotes":""},"categories":[1],"tags":[],"class_list":["post-7667","post","type-post","status-publish","format-standard","has-post-thumbnail","hentry","category-geral"],"_links":{"self":[{"href":"https:\/\/itapicurufm.com.br\/index.php\/wp-json\/wp\/v2\/posts\/7667","targetHints":{"allow":["GET"]}}],"collection":[{"href":"https:\/\/itapicurufm.com.br\/index.php\/wp-json\/wp\/v2\/posts"}],"about":[{"href":"https:\/\/itapicurufm.com.br\/index.php\/wp-json\/wp\/v2\/types\/post"}],"author":[{"embeddable":true,"href":"https:\/\/itapicurufm.com.br\/index.php\/wp-json\/wp\/v2\/users\/5"}],"replies":[{"embeddable":true,"href":"https:\/\/itapicurufm.com.br\/index.php\/wp-json\/wp\/v2\/comments?post=7667"}],"version-history":[{"count":1,"href":"https:\/\/itapicurufm.com.br\/index.php\/wp-json\/wp\/v2\/posts\/7667\/revisions"}],"predecessor-version":[{"id":7669,"href":"https:\/\/itapicurufm.com.br\/index.php\/wp-json\/wp\/v2\/posts\/7667\/revisions\/7669"}],"wp:featuredmedia":[{"embeddable":true,"href":"https:\/\/itapicurufm.com.br\/index.php\/wp-json\/wp\/v2\/media\/7668"}],"wp:attachment":[{"href":"https:\/\/itapicurufm.com.br\/index.php\/wp-json\/wp\/v2\/media?parent=7667"}],"wp:term":[{"taxonomy":"category","embeddable":true,"href":"https:\/\/itapicurufm.com.br\/index.php\/wp-json\/wp\/v2\/categories?post=7667"},{"taxonomy":"post_tag","embeddable":true,"href":"https:\/\/itapicurufm.com.br\/index.php\/wp-json\/wp\/v2\/tags?post=7667"}],"curies":[{"name":"wp","href":"https:\/\/api.w.org\/{rel}","templated":true}]}}