{"id":7636,"date":"2021-07-04T06:32:44","date_gmt":"2021-07-04T09:32:44","guid":{"rendered":"https:\/\/itapicurufm.com.br\/?p=7636"},"modified":"2021-07-04T06:32:46","modified_gmt":"2021-07-04T09:32:46","slug":"psdb-tem-que-tomar-cuidado-para-nao-acabar-em-2022-diz-aecio-neves","status":"publish","type":"post","link":"https:\/\/itapicurufm.com.br\/index.php\/2021\/07\/04\/psdb-tem-que-tomar-cuidado-para-nao-acabar-em-2022-diz-aecio-neves\/","title":{"rendered":"\u2018PSDB tem que tomar cuidado para n\u00e3o acabar em 2022\u2019, diz A\u00e9cio Neves"},"content":{"rendered":"\n<p>Em cr\u00edtica a uma poss\u00edvel candidatura de Doria ao Pal\u00e1cio do Planalto em 2022, o&nbsp;deputado federal A\u00e9cio Neves (PSDB-MG) afirmou que o partido corre o risco de&nbsp;definhar, caso cometa o erro de ficar ref\u00e9m de um \u201cprojeto pessoal\u201d. As informa\u00e7\u00f5es s\u00e3o do portal Metr\u00f3poles.<\/p>\n\n\n\n<p>Segundo a publica\u00e7\u00e3o,&nbsp;A\u00e9cio defendeu, durante entrevista ao portal, que os tucanos apostem na chamada terceira via nas elei\u00e7\u00f5es do pr\u00f3ximo ano, mesmo que a polariza\u00e7\u00e3o entre o presidente Jair Bolsonaro e o ex-presidente Luiz In\u00e1cio Lula da Silva (PT) se imponha no pr\u00f3ximo pleito. Segundo ele, o objetivo seria fortalecer as bancadas federais, tanto na C\u00e2mara quanto no Senado.<\/p>\n\n\n\n<p>\u201cAcho que o PSDB tem de ter muito ju\u00edzo. O que eu temo \u00e9 que uma candidatura que surja \u00fanica e exclusivamente em raz\u00e3o de uma vontade pessoal ou da for\u00e7a de uma determinada m\u00e1quina pol\u00edtica possa nos levar ao definhamento\u201d, disse o deputado.<\/p>\n\n\n\n<p>\u201cSe essa polariza\u00e7\u00e3o se confirmar, ela vai gerar um cansa\u00e7o tamanho na popula\u00e7\u00e3o que, depois de 2022, vai voltar a ter um espa\u00e7o maior para partidos como o PSDB, que tem projetos para o pa\u00eds, que pensa o pa\u00eds do ponto de vista da economia, do ponto de vista social, que tem uma hist\u00f3ria para propagar. O PSDB tem que tomar um cuidado grande para n\u00e3o acabar nesta elei\u00e7\u00e3o. Tem que ter um cuidado grande para n\u00e3o tomar um caminho errado de isolamento absoluto e voltarmos amanh\u00e3 como um partido nanico na C\u00e2mara dos Deputados\u201d, completou.(https:\/\/bahia.ba\/)<\/p>\n","protected":false},"excerpt":{"rendered":"<p>Em cr\u00edtica a uma poss\u00edvel candidatura de Doria ao Pal\u00e1cio do Planalto em 2022, o&nbsp;deputado federal A\u00e9cio Neves (PSDB-MG) afirmou<\/p>\n","protected":false},"author":5,"featured_media":7637,"comment_status":"open","ping_status":"closed","sticky":false,"template":"","format":"standard","meta":{"colormag_page_container_layout":"default_layout","colormag_page_sidebar_layout":"default_layout","footnotes":""},"categories":[1],"tags":[],"class_list":["post-7636","post","type-post","status-publish","format-standard","has-post-thumbnail","hentry","category-geral"],"_links":{"self":[{"href":"https:\/\/itapicurufm.com.br\/index.php\/wp-json\/wp\/v2\/posts\/7636","targetHints":{"allow":["GET"]}}],"collection":[{"href":"https:\/\/itapicurufm.com.br\/index.php\/wp-json\/wp\/v2\/posts"}],"about":[{"href":"https:\/\/itapicurufm.com.br\/index.php\/wp-json\/wp\/v2\/types\/post"}],"author":[{"embeddable":true,"href":"https:\/\/itapicurufm.com.br\/index.php\/wp-json\/wp\/v2\/users\/5"}],"replies":[{"embeddable":true,"href":"https:\/\/itapicurufm.com.br\/index.php\/wp-json\/wp\/v2\/comments?post=7636"}],"version-history":[{"count":1,"href":"https:\/\/itapicurufm.com.br\/index.php\/wp-json\/wp\/v2\/posts\/7636\/revisions"}],"predecessor-version":[{"id":7638,"href":"https:\/\/itapicurufm.com.br\/index.php\/wp-json\/wp\/v2\/posts\/7636\/revisions\/7638"}],"wp:featuredmedia":[{"embeddable":true,"href":"https:\/\/itapicurufm.com.br\/index.php\/wp-json\/wp\/v2\/media\/7637"}],"wp:attachment":[{"href":"https:\/\/itapicurufm.com.br\/index.php\/wp-json\/wp\/v2\/media?parent=7636"}],"wp:term":[{"taxonomy":"category","embeddable":true,"href":"https:\/\/itapicurufm.com.br\/index.php\/wp-json\/wp\/v2\/categories?post=7636"},{"taxonomy":"post_tag","embeddable":true,"href":"https:\/\/itapicurufm.com.br\/index.php\/wp-json\/wp\/v2\/tags?post=7636"}],"curies":[{"name":"wp","href":"https:\/\/api.w.org\/{rel}","templated":true}]}}