{"id":7583,"date":"2021-06-30T06:06:19","date_gmt":"2021-06-30T09:06:19","guid":{"rendered":"https:\/\/itapicurufm.com.br\/?p=7583"},"modified":"2021-06-30T06:06:20","modified_gmt":"2021-06-30T09:06:20","slug":"rui-costa-anuncia-possibilidade-de-volta-as-aulas-presenciais-se-taxas-da-covid-19-seguirem-em-queda","status":"publish","type":"post","link":"https:\/\/itapicurufm.com.br\/index.php\/2021\/06\/30\/rui-costa-anuncia-possibilidade-de-volta-as-aulas-presenciais-se-taxas-da-covid-19-seguirem-em-queda\/","title":{"rendered":"Rui Costa anuncia possibilidade de volta \u00e0s aulas presenciais se taxas da Covid-19 seguirem em queda"},"content":{"rendered":"\n<p>O governador da Bahia, Rui Costa (PT), anunciou nesta ter\u00e7a-feira (29), que as aulas presenciais na Bahia ser\u00e3o retomadas se as taxas de contamina\u00e7\u00e3o pela Covid-19 e de ocupa\u00e7\u00e3o de leitos de UTI continuarem em queda, a exemplo dos \u00faltimos dias.<\/p>\n\n\n\n<p>\u201cN\u00f3s est\u00e1vamos ontem com 75% e se esse n\u00famero se mantiver nesse patamar ou inferior a esse n\u00f3s pr\u00f3ximos 10, 15 dias, vamos voltar \u00e0s aulas presenciais. Essa ser\u00e1 a segunda etapa, chamada de modelo h\u00edbrido,com alguns dias presenciais e alguns remotos, para garantir que apenas metade dos alunos compare\u00e7a a escola\u201d, disse o governador durante entre de obras no munic\u00edpio de Ibipeba.<\/p>\n\n\n\n<p>\u201cSe a taxa de contamina\u00e7\u00e3o e ocupa\u00e7\u00e3o continuar caindo, a gente migra para a fase tr\u00eas que \u00e9 100% presencial, mas nesse momento estamos na expectativa desse n\u00famero se manter ou cair para poder voltar\u201d, finalizou Rui.<\/p>\n\n\n\n<p>CN | Bahia Not\u00edcias<\/p>\n\n\n\n<p><\/p>\n\n\n\n<p><\/p>\n","protected":false},"excerpt":{"rendered":"<p>O governador da Bahia, Rui Costa (PT), anunciou nesta ter\u00e7a-feira (29), que as aulas presenciais na Bahia ser\u00e3o retomadas se<\/p>\n","protected":false},"author":5,"featured_media":7584,"comment_status":"open","ping_status":"closed","sticky":false,"template":"","format":"standard","meta":{"colormag_page_container_layout":"default_layout","colormag_page_sidebar_layout":"default_layout","footnotes":""},"categories":[8],"tags":[],"class_list":["post-7583","post","type-post","status-publish","format-standard","has-post-thumbnail","hentry","category-brasil"],"_links":{"self":[{"href":"https:\/\/itapicurufm.com.br\/index.php\/wp-json\/wp\/v2\/posts\/7583","targetHints":{"allow":["GET"]}}],"collection":[{"href":"https:\/\/itapicurufm.com.br\/index.php\/wp-json\/wp\/v2\/posts"}],"about":[{"href":"https:\/\/itapicurufm.com.br\/index.php\/wp-json\/wp\/v2\/types\/post"}],"author":[{"embeddable":true,"href":"https:\/\/itapicurufm.com.br\/index.php\/wp-json\/wp\/v2\/users\/5"}],"replies":[{"embeddable":true,"href":"https:\/\/itapicurufm.com.br\/index.php\/wp-json\/wp\/v2\/comments?post=7583"}],"version-history":[{"count":1,"href":"https:\/\/itapicurufm.com.br\/index.php\/wp-json\/wp\/v2\/posts\/7583\/revisions"}],"predecessor-version":[{"id":7585,"href":"https:\/\/itapicurufm.com.br\/index.php\/wp-json\/wp\/v2\/posts\/7583\/revisions\/7585"}],"wp:featuredmedia":[{"embeddable":true,"href":"https:\/\/itapicurufm.com.br\/index.php\/wp-json\/wp\/v2\/media\/7584"}],"wp:attachment":[{"href":"https:\/\/itapicurufm.com.br\/index.php\/wp-json\/wp\/v2\/media?parent=7583"}],"wp:term":[{"taxonomy":"category","embeddable":true,"href":"https:\/\/itapicurufm.com.br\/index.php\/wp-json\/wp\/v2\/categories?post=7583"},{"taxonomy":"post_tag","embeddable":true,"href":"https:\/\/itapicurufm.com.br\/index.php\/wp-json\/wp\/v2\/tags?post=7583"}],"curies":[{"name":"wp","href":"https:\/\/api.w.org\/{rel}","templated":true}]}}