{"id":7578,"date":"2021-06-29T06:30:53","date_gmt":"2021-06-29T09:30:53","guid":{"rendered":"https:\/\/itapicurufm.com.br\/?p=7578"},"modified":"2021-06-29T06:30:55","modified_gmt":"2021-06-29T09:30:55","slug":"jovem-que-estudou-em-casa-sem-energia-eletrica-na-ba-e-tirou-980-na-redacao-do-enem-passa-em-medicina-na-ufrb","status":"publish","type":"post","link":"https:\/\/itapicurufm.com.br\/index.php\/2021\/06\/29\/jovem-que-estudou-em-casa-sem-energia-eletrica-na-ba-e-tirou-980-na-redacao-do-enem-passa-em-medicina-na-ufrb\/","title":{"rendered":"Jovem que estudou em casa sem energia el\u00e9trica na BA e tirou 980 na reda\u00e7\u00e3o do Enem passa em medicina na UFRB"},"content":{"rendered":"\n<p>O jovem morador de Feira de Santana, a 100 quil\u00f4metros de Salvador, que&nbsp;<a href=\"https:\/\/g1.globo.com\/ba\/bahia\/noticia\/2021\/04\/08\/jovem-encara-rotina-de-estudos-em-casa-sem-energia-eletrica-e-tira-980-na-redacao-do-enem-pensei-em-desistir.ghtml\">estudou em uma casa simples, emprestada da amiga, sem energia el\u00e9tric<\/a><a href=\"https:\/\/g1.globo.com\/ba\/bahia\/noticia\/2021\/04\/08\/jovem-encara-rotina-de-estudos-em-casa-sem-energia-eletrica-e-tira-980-na-redacao-do-enem-pensei-em-desistir.ghtml\">a<\/a>&nbsp;e internet,&nbsp;foi aprovado em medicina na Universidade Federal do Rec\u00f4ncavo da Bahia (UFRB) ap\u00f3s quatro anos de prepara\u00e7\u00e3o.<\/p>\n\n\n\n<p>Matheus de Ara\u00fajo Moreira Silva, de 25 anos, quase atingiu a nota m\u00e1xima na prova de reda\u00e7\u00e3o do Exame Nacional do Ensino M\u00e9dio (Enem) de 2020 com 980 pontos. As aulas do t\u00e3o sonhado curso de medicina j\u00e1 come\u00e7aram na segunda-feira (28), inicialmente de forma remota.<\/p>\n\n\n\n<p>\u201cPara mim foi surreal, foram oito anos fazendo Enem. H\u00e1 quatro anos que eu tento fazer medicina, ent\u00e3o \u00e9 um bom tempo estudando&#8221;, disse o jovem em entrevista ao<strong>&nbsp;G1<\/strong>.<\/p>\n\n\n\n<p>Matheus de Ara\u00fajo Moreira Silva fez o processo seletivo da UFRB por quase um m\u00eas e agora, com o resultado positivo, o jovem vai realizar o maior sonho: vai ser o primeiro m\u00e9dico da fam\u00edlia e da comunidade quilombola \u00e0 qual faz parte.<\/p>\n\n\n\n<p>\u201cEu s\u00f3 vou acreditar quando passar essa pandemia e eu poder me mudar para Santo Ant\u00f4nio de Jesus, que \u00e9 onde tem o polo que eu vou fazer medicina\u201d, contou.<\/p>\n\n\n\n<blockquote class=\"wp-block-quote is-layout-flow wp-block-quote-is-layout-flow\"><p>\u201cMinha fam\u00edlia e minha comunidade quilombola de Ant\u00f4nio Cardoso est\u00e3o super felizes, porque \u00e9 o primeiro m\u00e9dico da fam\u00edlia, ent\u00e3o eles est\u00e3o em \u00eaxtase, em festa, por isso tudo, porque eles viram o meu esfor\u00e7o durante esse per\u00edodo todo. Est\u00e3o muito, muito alegres\u201d.<\/p><\/blockquote>\n\n\n\n<figure class=\"wp-block-image\"><img decoding=\"async\" src=\"https:\/\/s2.glbimg.com\/1G3-llLxncR61SlJZ-BkRyB5e9Q=\/0x144:768x1024\/984x0\/smart\/filters:strip_icc()\/i.s3.glbimg.com\/v1\/AUTH_59edd422c0c84a879bd37670ae4f538a\/internal_photos\/bs\/2021\/1\/v\/C0bkB7TnSagemCMKFfOQ\/whatsapp-image-2021-06-27-at-14.52.27-2-.jpeg\" alt=\"Jovem que estudou em casa sem energia el\u00e9trica e tirou 980 na reda\u00e7\u00e3o do Enem realiza sonho e passa em medicina na URFB \u2014 Foto: Arquivo Pessoal\"\/><\/figure>\n\n\n\n<p>Jovem que estudou em casa sem energia el\u00e9trica e tirou 980 na reda\u00e7\u00e3o do Enem realiza sonho e passa em medicina na URFB \u2014 Foto: Arquivo Pessoal<\/p>\n\n\n\n<p>Com a aprova\u00e7\u00e3o desejada, Matheus Silva agora pensa em conseguir formas de se manter no curso e conseguir se formar. A primeira estrat\u00e9gia pensada foi a realiza\u00e7\u00e3o de uma &#8220;vaquinha&#8221; virtual. Ele tamb\u00e9m procura um est\u00e1gio para conseguir uma fonte de renda.<\/p>\n\n\n\n<p>\u201cEu pretendo agora montar uma vaquinha para a manuten\u00e7\u00e3o do curso at\u00e9 eu conseguir uma resid\u00eancia universit\u00e1ria e, nesse momento que eu vou ter aulas remotas, quero achar um hor\u00e1rio para eu conseguir um est\u00e1gio, para conseguir um dinheiro e me manter\u201d.<\/p>\n\n\n\n<figure class=\"wp-block-image\"><img decoding=\"async\" src=\"https:\/\/s2.glbimg.com\/zWeTseGr0bziquAkSn3ehkItaEY=\/0x0:972x547\/984x0\/smart\/filters:strip_icc()\/i.s3.glbimg.com\/v1\/AUTH_59edd422c0c84a879bd37670ae4f538a\/internal_photos\/bs\/2021\/e\/4\/QvUCV4R8e6bK2G3k7bXw\/whatsapp-image-2021-06-28-at-14.35.24.png\" alt=\"Matheus Silva passou em medicina na UFRB \u2014 Foto: Reprodu\u00e7\u00e3o\"\/><\/figure>\n\n\n\n<p>Matheus Silva passou em medicina na UFRB \u2014 Foto: Reprodu\u00e7\u00e3o<\/p>\n\n\n\n<p>Entretanto, os problemas futuros, embora pensados agora, ficam em segundo plano, quando o jovem lembra que vai lutar para salvar vidas.<\/p>\n\n\n\n<blockquote class=\"wp-block-quote is-layout-flow wp-block-quote-is-layout-flow\"><p>\u201cEu estou bastante honrado em poder fazer o curso que eu irei possibilitar mudan\u00e7as de vida de v\u00e1rias pessoas. \u00c9 um sonho se concretizando\u201d, afirmou Matheus Silva.<\/p><\/blockquote>\n\n\n\n<figure class=\"wp-block-image\"><img decoding=\"async\" src=\"https:\/\/s2.glbimg.com\/pcFo4zS7EWEHCb0Q7s3cQJXB0z0=\/0x0:768x1024\/984x0\/smart\/filters:strip_icc()\/i.s3.glbimg.com\/v1\/AUTH_59edd422c0c84a879bd37670ae4f538a\/internal_photos\/bs\/2021\/k\/Y\/CPVGt5TeSazeXNgU0Ycw\/whatsapp-image-2021-06-27-at-14.52.27-1-.jpeg\" alt=\"Jovem que estudou em casa sem energia el\u00e9trica e tirou 980 na reda\u00e7\u00e3o do Enem realiza sonho e passa em medicina na URFB \u2014 Foto: Arquivo Pessoal\"\/><\/figure>\n\n\n\n<p>Jovem que estudou em casa sem energia el\u00e9trica e tirou 980 na reda\u00e7\u00e3o do Enem realiza sonho e passa em medicina na URFB \u2014 Foto: Arquivo Pessoal<\/p>\n\n\n\n<p>Estudante de escola p\u00fablica, o jovem sempre desejou estudar medicina desde que concluiu o ensino m\u00e9dio, em 2013.<\/p>\n\n\n\n<p>Em 2015, ele foi aprovado no curso de enfermagem na Universidade Estadual de Feira de Santana (Uefs). Mas, depois de dois anos, trancou a faculdade, o que ele considera uma \u201cuma decis\u00e3o da vida\u201d, e desde 2018 se dedicou a estudar para passar em medicina.<\/p>\n\n\n\n<h2 class=\"wp-block-heading\">Desafios para aprova\u00e7\u00e3o<\/h2>\n\n\n\n<figure class=\"wp-block-image\"><img decoding=\"async\" src=\"https:\/\/s2.glbimg.com\/gmBgebwMKQdQH-XCDE_8scieZ2c=\/0x0:899x553\/984x0\/smart\/filters:strip_icc()\/i.s3.glbimg.com\/v1\/AUTH_59edd422c0c84a879bd37670ae4f538a\/internal_photos\/bs\/2021\/E\/y\/6uQQHXS66xsR4Aveym1w\/whatsapp-image-2021-04-06-at-21.jpg\" alt=\"Matheus de Araujo Moreira Silva, de 25 anos, moradores de Feira de Santana, na Bahia, tirou 980 na reda\u00e7\u00e3o do Enem 2020 \u2014 Foto: Arquivo pessoal\"\/><\/figure>\n\n\n\n<p>Matheus de Araujo Moreira Silva, de 25 anos, moradores de Feira de Santana, na Bahia, tirou 980 na reda\u00e7\u00e3o do Enem 2020 \u2014 Foto: Arquivo pessoal<\/p>\n\n\n\n<p>O jovem, morador de um bairro perif\u00e9rico de Feira de Santana, filho de pais analfabetos, sonhava cursar medicina. Para o vestibular, Matheus precisou superar algumas barreiras.<\/p>\n\n\n\n<ul class=\"wp-block-list\"><li>Matheus estudava na biblioteca municipal da cidade, mas com a pandemia, o local precisou ser fechado. Com isso, ele parou os estudos por um per\u00edodo. Segundo o jovem, em casa, com os pais e mais quatro irm\u00e3os, n\u00e3o era poss\u00edvel se concentrar.<\/li><li>Em julho do ano passado, uma amiga de Matheus emprestou uma casa simples para que ele pudesse estudar. Por\u00e9m, o local n\u00e3o tinha energia el\u00e9trica e ventila\u00e7\u00e3o adequada.&nbsp;No novo local de estudos, tamb\u00e9m n\u00e3o havia internet. Ele precisou assinar um pacote de internet pelo celular.<\/li><\/ul>\n\n\n\n<p>Para o Enem, Matheus estudou sozinho,&nbsp;cerca de seis horas por dia, de segunda a sexta, e tamb\u00e9m nos finais de semana, por meio de apostilas e videoaulas online.<\/p>\n\n\n\n<figure class=\"wp-block-image\"><img decoding=\"async\" src=\"https:\/\/s2.glbimg.com\/lyIbJ6x5IzAbSHI0kxEVWq4f2As=\/0x0:713x439\/984x0\/smart\/filters:strip_icc()\/i.s3.glbimg.com\/v1\/AUTH_59edd422c0c84a879bd37670ae4f538a\/internal_photos\/bs\/2021\/b\/N\/BxMXwiRuAgEE35aE0FJg\/img-20210404-wa0021.jpg\" alt=\"Matheus de Araujo Moreira Silva, de 25 anos, moradores de Feira de Santana, na Bahia, tirou 980 na reda\u00e7\u00e3o do Enem 2020 \u2014 Foto: Arquivo pessoal\"\/><\/figure>\n\n\n\n<p>Matheus de Araujo Moreira Silva, de 25 anos, moradores de Feira de Santana, na Bahia, tirou 980 na reda\u00e7\u00e3o do Enem 2020 \u2014 Foto: Arquivo pessoal<\/p>\n\n\n\n<p>H\u00e1 cerca de dois anos, ele passou a dar aulas de refor\u00e7o escolar para pessoas do pr\u00f3prio bairro, para gerar renda e pagar as apostilas e plataformas de prepara\u00e7\u00e3o para o Enem.<\/p>\n\n\n\n<p>Com a pandemia dando sinais de que n\u00e3o iria passar, o jovem passou a estudar de m\u00e1scara, mesmo sozinho na casa emprestada, para simular o cen\u00e1rio encontrado pelos candidatos no dia da realiza\u00e7\u00e3o da prova.<\/p>\n\n\n\n<figure class=\"wp-block-image\"><img decoding=\"async\" src=\"https:\/\/s2.glbimg.com\/dNnOM0TorIHVEX18FLqfouZgNeg=\/0x0:899x553\/984x0\/smart\/filters:strip_icc()\/i.s3.glbimg.com\/v1\/AUTH_59edd422c0c84a879bd37670ae4f538a\/internal_photos\/bs\/2021\/D\/K\/NF9s1FSAaJAZvfebka1g\/0c3c437a-1651-404f-91a2-2ecf5b4582b9.jpg\" alt=\"Matheus de Araujo Moreira Silva, de 25 anos, moradores de Feira de Santana, na Bahia, tirou 980 na reda\u00e7\u00e3o do Enem 2020 \u2014 Foto: Arquivo Pessoal\"\/><\/figure>\n\n\n\n<p>Matheus de Araujo Moreira Silva, de 25 anos, moradores de Feira de Santana, na Bahia, tirou 980 na reda\u00e7\u00e3o do Enem 2020 \u2014 Foto: Arquivo Pessoal<\/p>\n\n\n\n\n\n<p>Ao&nbsp;<strong>G1<\/strong>, em abril deste ano, Matheus Silva foi enf\u00e1tico ao ser questionado sobre os planos caso n\u00e3o passe em medicina: \u201cO ano da minha aprova\u00e7\u00e3o \u00e9 esse\u201d.<\/p>\n\n\n\n<p>Na oportunidade, ele tamb\u00e9m chegou a lan\u00e7ar uma \u201cvaquinha\u201d virtual para arrecadar dinheiro para comprar um notebook e outros materiais de estudos. Ap\u00f3s a repercuss\u00e3o da reportagem, o jovem ganhou o objeto desejado por meio de doa\u00e7\u00e3o.<\/p>\n\n\n\n<blockquote class=\"wp-block-quote is-layout-flow wp-block-quote-is-layout-flow\"><p>&#8220;Voc\u00ea tem que acreditar nos seus sonhos, porque se voc\u00ea n\u00e3o acreditar, ningu\u00e9m vai acreditar. Tem uma frase que sempre utilizo: a educa\u00e7\u00e3o modifica vidas, assim como Jesus modifica o nosso interior. Focar, acreditar e ter f\u00e9, que em algum momento, a vit\u00f3ria vai chegar&#8221;, disse na \u00e9poca, Matheus.<\/p><\/blockquote>\n\n\n\n<p><em>(<\/em><a href=\"https:\/\/g1.globo.com\/ba\/bahia\/ultimas-noticias\/\"><strong><em>G1 Bahia.<\/em><\/strong><\/a>)<\/p>\n","protected":false},"excerpt":{"rendered":"<p>O jovem morador de Feira de Santana, a 100 quil\u00f4metros de Salvador, que&nbsp;estudou em uma casa simples, emprestada da amiga,<\/p>\n","protected":false},"author":5,"featured_media":7579,"comment_status":"open","ping_status":"closed","sticky":false,"template":"","format":"standard","meta":{"colormag_page_container_layout":"default_layout","colormag_page_sidebar_layout":"default_layout","footnotes":""},"categories":[1],"tags":[],"class_list":["post-7578","post","type-post","status-publish","format-standard","has-post-thumbnail","hentry","category-geral"],"_links":{"self":[{"href":"https:\/\/itapicurufm.com.br\/index.php\/wp-json\/wp\/v2\/posts\/7578","targetHints":{"allow":["GET"]}}],"collection":[{"href":"https:\/\/itapicurufm.com.br\/index.php\/wp-json\/wp\/v2\/posts"}],"about":[{"href":"https:\/\/itapicurufm.com.br\/index.php\/wp-json\/wp\/v2\/types\/post"}],"author":[{"embeddable":true,"href":"https:\/\/itapicurufm.com.br\/index.php\/wp-json\/wp\/v2\/users\/5"}],"replies":[{"embeddable":true,"href":"https:\/\/itapicurufm.com.br\/index.php\/wp-json\/wp\/v2\/comments?post=7578"}],"version-history":[{"count":1,"href":"https:\/\/itapicurufm.com.br\/index.php\/wp-json\/wp\/v2\/posts\/7578\/revisions"}],"predecessor-version":[{"id":7580,"href":"https:\/\/itapicurufm.com.br\/index.php\/wp-json\/wp\/v2\/posts\/7578\/revisions\/7580"}],"wp:featuredmedia":[{"embeddable":true,"href":"https:\/\/itapicurufm.com.br\/index.php\/wp-json\/wp\/v2\/media\/7579"}],"wp:attachment":[{"href":"https:\/\/itapicurufm.com.br\/index.php\/wp-json\/wp\/v2\/media?parent=7578"}],"wp:term":[{"taxonomy":"category","embeddable":true,"href":"https:\/\/itapicurufm.com.br\/index.php\/wp-json\/wp\/v2\/categories?post=7578"},{"taxonomy":"post_tag","embeddable":true,"href":"https:\/\/itapicurufm.com.br\/index.php\/wp-json\/wp\/v2\/tags?post=7578"}],"curies":[{"name":"wp","href":"https:\/\/api.w.org\/{rel}","templated":true}]}}