{"id":7337,"date":"2021-06-12T05:42:35","date_gmt":"2021-06-12T08:42:35","guid":{"rendered":"https:\/\/itapicurufm.com.br\/?p=7337"},"modified":"2021-06-12T05:42:35","modified_gmt":"2021-06-12T08:42:35","slug":"filadelfia-e-o-terceiro-municipio-que-mais-vacinou-em-todo-estado-contra-covid-19","status":"publish","type":"post","link":"https:\/\/itapicurufm.com.br\/index.php\/2021\/06\/12\/filadelfia-e-o-terceiro-municipio-que-mais-vacinou-em-todo-estado-contra-covid-19\/","title":{"rendered":"Filad\u00e9lfia \u00e9 o terceiro munic\u00edpio que mais vacinou em todo Estado contra COVID-19"},"content":{"rendered":"\n<p>O munic\u00edpio de Filad\u00e9lfia est\u00e1 no top 10 de vacina\u00e7\u00e3o contra a COVID-19, segundo dados coletados e publicados nesta quarta-feira (09), pela Secretaria de Sa\u00fade do Estado da Bahia \u2013 Sesab, Filad\u00e9lfia destaca-se em 3\u00ba lugar, entre os munic\u00edpios que mais vacinaram em toda Bahia.<\/p>\n\n\n\n<p>De acordo com o secret\u00e1rio de Sa\u00fade do Estado, F\u00e1bio Vilas Boas, considerando o p\u00fablico-alvo habilitado para vacina\u00e7\u00e3o, 67% j\u00e1 receberam a primeira dose na cidade.<\/p>\n\n\n\n<p>\u201cA vacina \u00e9 a solu\u00e7\u00e3o pra este momento dif\u00edcil que estamos vivendo, por isso, n\u00e3o estamos medindo esfor\u00e7os para que Filad\u00e9lfia avance cada vez mais na vacina\u00e7\u00e3o, devemos nos proteger e continuar os cuidados evitando aglomera\u00e7\u00f5es, usando m\u00e1scara e seguindo os demais protocolos de combate a COVID-19\u201d, disse o prefeito, Louro Maia.<\/p>\n\n\n\n<p>\u201cPedimos a todos que j\u00e1 tomaram a 1\u00aa dose que fiquem atentos a data que est\u00e1 no cart\u00e3o de vacina para tomar a 2\u00aa dose, pois completar a imuniza\u00e7\u00e3o \u00e9 fundamental, vamos seguir dando exemplo a toda Bahia na luta contra o coronav\u00edrus\u201d, comentou Odejonnes Barbosa, vice-prefeito e secret\u00e1rio de Sa\u00fade.<\/p>\n\n\n\n<p><strong>Vacina\u00e7\u00e3o<\/strong><\/p>\n\n\n\n<p>A cidade segue vacinando a popula\u00e7\u00e3o na Vigil\u00e2ncia Epidemiol\u00f3gica \u2013 Viep, com a faixa et\u00e1ria de 25 anos acima sem comorbidades, e 18 anos acima com comorbidades.<\/p>\n\n\n\n<p>Fonte: Ascom\/ Prefeitura de Filad\u00e9lfia&nbsp;<\/p>\n\n\n\n<p><\/p>\n","protected":false},"excerpt":{"rendered":"<p>O munic\u00edpio de Filad\u00e9lfia est\u00e1 no top 10 de vacina\u00e7\u00e3o contra a COVID-19, segundo dados coletados e publicados nesta quarta-feira<\/p>\n","protected":false},"author":5,"featured_media":7338,"comment_status":"open","ping_status":"closed","sticky":false,"template":"","format":"standard","meta":{"colormag_page_container_layout":"default_layout","colormag_page_sidebar_layout":"default_layout","footnotes":""},"categories":[8],"tags":[],"class_list":["post-7337","post","type-post","status-publish","format-standard","has-post-thumbnail","hentry","category-brasil"],"_links":{"self":[{"href":"https:\/\/itapicurufm.com.br\/index.php\/wp-json\/wp\/v2\/posts\/7337","targetHints":{"allow":["GET"]}}],"collection":[{"href":"https:\/\/itapicurufm.com.br\/index.php\/wp-json\/wp\/v2\/posts"}],"about":[{"href":"https:\/\/itapicurufm.com.br\/index.php\/wp-json\/wp\/v2\/types\/post"}],"author":[{"embeddable":true,"href":"https:\/\/itapicurufm.com.br\/index.php\/wp-json\/wp\/v2\/users\/5"}],"replies":[{"embeddable":true,"href":"https:\/\/itapicurufm.com.br\/index.php\/wp-json\/wp\/v2\/comments?post=7337"}],"version-history":[{"count":1,"href":"https:\/\/itapicurufm.com.br\/index.php\/wp-json\/wp\/v2\/posts\/7337\/revisions"}],"predecessor-version":[{"id":7339,"href":"https:\/\/itapicurufm.com.br\/index.php\/wp-json\/wp\/v2\/posts\/7337\/revisions\/7339"}],"wp:featuredmedia":[{"embeddable":true,"href":"https:\/\/itapicurufm.com.br\/index.php\/wp-json\/wp\/v2\/media\/7338"}],"wp:attachment":[{"href":"https:\/\/itapicurufm.com.br\/index.php\/wp-json\/wp\/v2\/media?parent=7337"}],"wp:term":[{"taxonomy":"category","embeddable":true,"href":"https:\/\/itapicurufm.com.br\/index.php\/wp-json\/wp\/v2\/categories?post=7337"},{"taxonomy":"post_tag","embeddable":true,"href":"https:\/\/itapicurufm.com.br\/index.php\/wp-json\/wp\/v2\/tags?post=7337"}],"curies":[{"name":"wp","href":"https:\/\/api.w.org\/{rel}","templated":true}]}}