{"id":7327,"date":"2021-06-11T06:13:48","date_gmt":"2021-06-11T09:13:48","guid":{"rendered":"https:\/\/itapicurufm.com.br\/?p=7327"},"modified":"2021-06-11T06:13:49","modified_gmt":"2021-06-11T09:13:49","slug":"vereadores-do-dem-tem-mandatos-cassados-por-fraude-em-cota-feminina","status":"publish","type":"post","link":"https:\/\/itapicurufm.com.br\/index.php\/2021\/06\/11\/vereadores-do-dem-tem-mandatos-cassados-por-fraude-em-cota-feminina\/","title":{"rendered":"Vereadores do DEM t\u00eam mandatos cassados por fraude em cota feminina"},"content":{"rendered":"\n<p>Em senten\u00e7a publicada nesta quinta-feira (10), a Justi\u00e7a Eleitoral julgou procedente a a\u00e7\u00e3o que acusa a chapa de vereadores do partido Democratas de Angical, na Bacia do Rio Grande, de fraudar o percentual m\u00ednimo de g\u00eanero exigido na legisla\u00e7\u00e3o, tendo se lan\u00e7ado na disputa com um percentual menor do que o exigido (25%), quando a Lei determina que seja de 30%.<\/p>\n\n\n\n<p>Na decis\u00e3o o juiz L\u00e1zaro Sobrinho determinou a anula\u00e7\u00e3o dos votos atribu\u00eddos ao partido e aos seus respectivos candidatos nas elei\u00e7\u00f5es proporcionais.<\/p>\n\n\n\n<p>A decis\u00e3o estabeleceu a cassa\u00e7\u00e3o dos diplomas alcan\u00e7ados pelos candidatos do partido nas elei\u00e7\u00f5es proporcionais, entre eles est\u00e3o os candidatos eleitos para os cargos de vereadores Edimar Vieira, Nizaldo Silva e D\u00e1rio Coit\u00e9. Al\u00e9m da cassa\u00e7\u00e3o o juiz estabeleceu a anula\u00e7\u00e3o dos votos atribu\u00eddos ao Partido Democratas, e aos seus respectivos candidatos nas elei\u00e7\u00f5es proporcionais e que resulta na destitui\u00e7\u00e3o dos mandatos pol\u00edticos alcan\u00e7ados pelos candidatos.<\/p>\n\n\n\n<p>Tamb\u00e9m ficou estabelecida a redistribui\u00e7\u00e3o dos mandatos aos demais partidos que tenham alcan\u00e7ado o quociente partid\u00e1rio. Os interessados poder\u00e3o recorrer da senten\u00e7a.(https:\/\/www.bahianoticias.com.br\/)<\/p>\n","protected":false},"excerpt":{"rendered":"<p>Em senten\u00e7a publicada nesta quinta-feira (10), a Justi\u00e7a Eleitoral julgou procedente a a\u00e7\u00e3o que acusa a chapa de vereadores do<\/p>\n","protected":false},"author":5,"featured_media":7328,"comment_status":"open","ping_status":"closed","sticky":false,"template":"","format":"standard","meta":{"colormag_page_container_layout":"default_layout","colormag_page_sidebar_layout":"default_layout","footnotes":""},"categories":[8],"tags":[],"class_list":["post-7327","post","type-post","status-publish","format-standard","has-post-thumbnail","hentry","category-brasil"],"_links":{"self":[{"href":"https:\/\/itapicurufm.com.br\/index.php\/wp-json\/wp\/v2\/posts\/7327","targetHints":{"allow":["GET"]}}],"collection":[{"href":"https:\/\/itapicurufm.com.br\/index.php\/wp-json\/wp\/v2\/posts"}],"about":[{"href":"https:\/\/itapicurufm.com.br\/index.php\/wp-json\/wp\/v2\/types\/post"}],"author":[{"embeddable":true,"href":"https:\/\/itapicurufm.com.br\/index.php\/wp-json\/wp\/v2\/users\/5"}],"replies":[{"embeddable":true,"href":"https:\/\/itapicurufm.com.br\/index.php\/wp-json\/wp\/v2\/comments?post=7327"}],"version-history":[{"count":1,"href":"https:\/\/itapicurufm.com.br\/index.php\/wp-json\/wp\/v2\/posts\/7327\/revisions"}],"predecessor-version":[{"id":7329,"href":"https:\/\/itapicurufm.com.br\/index.php\/wp-json\/wp\/v2\/posts\/7327\/revisions\/7329"}],"wp:featuredmedia":[{"embeddable":true,"href":"https:\/\/itapicurufm.com.br\/index.php\/wp-json\/wp\/v2\/media\/7328"}],"wp:attachment":[{"href":"https:\/\/itapicurufm.com.br\/index.php\/wp-json\/wp\/v2\/media?parent=7327"}],"wp:term":[{"taxonomy":"category","embeddable":true,"href":"https:\/\/itapicurufm.com.br\/index.php\/wp-json\/wp\/v2\/categories?post=7327"},{"taxonomy":"post_tag","embeddable":true,"href":"https:\/\/itapicurufm.com.br\/index.php\/wp-json\/wp\/v2\/tags?post=7327"}],"curies":[{"name":"wp","href":"https:\/\/api.w.org\/{rel}","templated":true}]}}