{"id":7235,"date":"2021-06-05T06:20:11","date_gmt":"2021-06-05T09:20:11","guid":{"rendered":"https:\/\/itapicurufm.com.br\/?p=7235"},"modified":"2021-06-05T06:20:13","modified_gmt":"2021-06-05T09:20:13","slug":"acusado-de-matar-medico-de-araci-diz-que-tiro-foi-acidental-e-cita-premonicao","status":"publish","type":"post","link":"https:\/\/itapicurufm.com.br\/index.php\/2021\/06\/05\/acusado-de-matar-medico-de-araci-diz-que-tiro-foi-acidental-e-cita-premonicao\/","title":{"rendered":"Acusado de matar m\u00e9dico de Araci diz que tiro foi acidental e cita \u2018premoni\u00e7\u00e3o\u2019"},"content":{"rendered":"\n<p>Al\u00e9m de confessar ter sido o autor da morte do m\u00e9dico psiquiatra Andrade Santana Lopes, 32 anos, o \u201camigo\u201d e colega de profiss\u00e3o da v\u00edtima, Geraldo Freitas de Carvalho J\u00fanior, preso no Conjunto Penal de Feira de Santana, alegou que um \u2018sonho premonit\u00f3rio\u2019 o fez a desconfiar de Andrade, o que teria levado ao assassinato.<\/p>\n\n\n\n<p>O acusado prestou depoimento, na \u00faltima quarta-feira (2), e revelou aos policiais detalhes de como tudo aconteceu no dia do crime, ocorrido no dia 24 de maio.<\/p>\n\n\n\n\n\n<p>\u201cEssa oitiva foi solicitada pelos defensores e pelo pr\u00f3prio investigado. Ele participou de um interrogat\u00f3rio muito extenso, que durou cerca de 7 horas. Inicialmente ele relatou que era amigo de Andrade e n\u00e3o tinha nenhum tipo de desentendimento com ele e que tudo aconteceu porque no dia do fato, um familiar dele, que \u00e9 ligado a uma religi\u00e3o esot\u00e9rica, teria tido uma premoni\u00e7\u00e3o de que ele seria morto por duas pessoas. Essa pessoa descreveu o sonho, a roupa que seria usada para imobiliz\u00e1-lo e ele informa que estava vestido com essa roupa no dia 24 e por isso ele acreditou nesse sonho premonit\u00f3rio. A pessoa descrevia que eram dois homens altos e magros e ele ficou pensando nisso o dia todo\u201d, relatou o delegado Roberto Leal, coordenador de Pol\u00edcia Civil que est\u00e1 \u00e0 frente das investiga\u00e7\u00f5es.<\/p>\n\n\n\n<div class=\"wp-block-image\"><figure class=\"aligncenter\"><img decoding=\"async\" src=\"https:\/\/www.calilanoticias.com\/wp-content\/uploads\/2021\/05\/medico-andrade.jpg\" alt=\"\" class=\"wp-image-257648\"\/><\/figure><\/div>\n\n\n\n<p>De acordo com o delegado, Geraldo Freitas afirmou que n\u00e3o tinha nenhuma inten\u00e7\u00e3o de tirar a vida de Andrade, mas ao chegar ao encontro do amigo no Rio Jacu\u00edpe, para passear de moto aqu\u00e1tica, acabou tendo acesso ao celular da v\u00edtima e percebeu uma conversa com um desafeto dele.<\/p>\n\n\n\n<p>\u201cEle lembrou-se do sonho premonit\u00f3rio e passou a desconfiar de que Andrade poderia estar armando a morte dele. Sa\u00edram os dois para o rio, Andrade pilotava a moto aqu\u00e1tica. Em determinado momento, ele sacou a arma e colocou na cabe\u00e7a de Andrade. Em seguida pediu o celular para confirmar as suspeitas dele. Em determinado momento, ele relatou que houve esse disparo em virtude de um movimento brusco e depois do tiro Andrade acabou caindo no rio. Segundo Geraldo, ele tentou dar socorro a Andrade amarrando a corda e a \u00e2ncora no corpo dele para levar para a beira do rio. Contudo, o corpo se desprendeu e afundou no rio. Essa foi a vers\u00e3o apresentada pelo acusado. Esse sonho foi o motivador da suspeita dele de que Andrade e um desafeto dele estivessem planejando a morte do mesmo\u201d, informou Roberto Leal.<\/p>\n\n\n\n\n\n<p>Ainda conforme o delegado, o investigado alegou que n\u00e3o participa de nenhuma religi\u00e3o esot\u00e9rica, mas que o parente \u00e9 envolvido em determinada religi\u00e3o, e que ele conhece essa pessoa e confia muito nos preceitos que ela apresenta, por isso acreditou no sonho premonit\u00f3rio e que isso poderia acontecer com ele.<\/p>\n\n\n\n<p>Em rela\u00e7\u00e3o \u00e0 vers\u00e3o sobre a venda da moto aqu\u00e1tica, o delegado esclareceu que o acusado \u00e9 que estava planejando comprar o ve\u00edculo. J\u00e1 com rela\u00e7\u00e3o \u00e0 arma, Andrade estava se habilitando para compr\u00e1-la como atirador. Segundo Geraldo, a arma foi dividida em quatro presta\u00e7\u00f5es e seria quitada quando a habilita\u00e7\u00e3o estivesse finalizada, quando a arma de Geraldo fosse transferida para a v\u00edtima.<\/p>\n\n\n\n<p>O delegado Roberto Leal disse tamb\u00e9m que, al\u00e9m da esposa do m\u00e9dico Geraldo Freitas de Carvalho, a pol\u00edcia est\u00e1 ouvindo outras pessoas, que est\u00e3o agendadas, para aprofundar as investiga\u00e7\u00f5es, porque v\u00e1rias informa\u00e7\u00f5es foram prestadas pelo investigado e elas precisam ser indagadas. \u201cPrincipalmente em rela\u00e7\u00e3o a essa motiva\u00e7\u00e3o, entender essa rixa entre o acusado e o desafeto, verificar os fatos, se s\u00e3o verdadeiros ou n\u00e3o.\u201d<\/p>\n\n\n\n<p>Acorda Cidade<\/p>\n","protected":false},"excerpt":{"rendered":"<p>Al\u00e9m de confessar ter sido o autor da morte do m\u00e9dico psiquiatra Andrade Santana Lopes, 32 anos, o \u201camigo\u201d e<\/p>\n","protected":false},"author":5,"featured_media":7236,"comment_status":"open","ping_status":"closed","sticky":false,"template":"","format":"standard","meta":{"colormag_page_container_layout":"default_layout","colormag_page_sidebar_layout":"default_layout","footnotes":""},"categories":[8],"tags":[],"class_list":["post-7235","post","type-post","status-publish","format-standard","has-post-thumbnail","hentry","category-brasil"],"_links":{"self":[{"href":"https:\/\/itapicurufm.com.br\/index.php\/wp-json\/wp\/v2\/posts\/7235","targetHints":{"allow":["GET"]}}],"collection":[{"href":"https:\/\/itapicurufm.com.br\/index.php\/wp-json\/wp\/v2\/posts"}],"about":[{"href":"https:\/\/itapicurufm.com.br\/index.php\/wp-json\/wp\/v2\/types\/post"}],"author":[{"embeddable":true,"href":"https:\/\/itapicurufm.com.br\/index.php\/wp-json\/wp\/v2\/users\/5"}],"replies":[{"embeddable":true,"href":"https:\/\/itapicurufm.com.br\/index.php\/wp-json\/wp\/v2\/comments?post=7235"}],"version-history":[{"count":1,"href":"https:\/\/itapicurufm.com.br\/index.php\/wp-json\/wp\/v2\/posts\/7235\/revisions"}],"predecessor-version":[{"id":7237,"href":"https:\/\/itapicurufm.com.br\/index.php\/wp-json\/wp\/v2\/posts\/7235\/revisions\/7237"}],"wp:featuredmedia":[{"embeddable":true,"href":"https:\/\/itapicurufm.com.br\/index.php\/wp-json\/wp\/v2\/media\/7236"}],"wp:attachment":[{"href":"https:\/\/itapicurufm.com.br\/index.php\/wp-json\/wp\/v2\/media?parent=7235"}],"wp:term":[{"taxonomy":"category","embeddable":true,"href":"https:\/\/itapicurufm.com.br\/index.php\/wp-json\/wp\/v2\/categories?post=7235"},{"taxonomy":"post_tag","embeddable":true,"href":"https:\/\/itapicurufm.com.br\/index.php\/wp-json\/wp\/v2\/tags?post=7235"}],"curies":[{"name":"wp","href":"https:\/\/api.w.org\/{rel}","templated":true}]}}