{"id":6543,"date":"2021-04-14T06:38:58","date_gmt":"2021-04-14T09:38:58","guid":{"rendered":"https:\/\/itapicurufm.com.br\/?p=6543"},"modified":"2021-04-14T06:39:00","modified_gmt":"2021-04-14T09:39:00","slug":"homem-mata-a-propria-filha-esfaqueada-e-fere-outras-quatro-pessoas-da-familia","status":"publish","type":"post","link":"https:\/\/itapicurufm.com.br\/index.php\/2021\/04\/14\/homem-mata-a-propria-filha-esfaqueada-e-fere-outras-quatro-pessoas-da-familia\/","title":{"rendered":"Homem mata a pr\u00f3pria filha esfaqueada e fere outras quatro pessoas da fam\u00edlia"},"content":{"rendered":"\n<p>A pol\u00edcia investiga a morte de uma jovem de 20 anos em Rodeio, no Vale do Itaja\u00ed, em Santa Catarina. De acordo com o G1, o suspeito \u00e9 pai da v\u00edtima, um homem de 42 anos. Ele tamb\u00e9m deixou outras quatro pessoas da mesma fam\u00edlia feridas antes de fugir do local. O crime ocorreu ap\u00f3s a ex-companheira ter ido at\u00e9 a delegacia e solicitar uma medida protetiva contra ele.<\/p>\n\n\n\n<p>A filha foi atingida com golpes de faca e morreu no local do crime. A ex-esposa, de 39 anos, tamb\u00e9m se feriu. Al\u00e9m delas, o homem teria esfaqueado o ex-cunhado, de 34, a ex-sogra, 56, e o ex-sogro, 61. O caso \u00e9 tratado como feminic\u00eddio.<\/p>\n\n\n\n<p>A pol\u00edcia disse ainda que o homem efetuou ainda disparos com um rifle calibre .22, mas nenhum tiro atingiu as v\u00edtimas. O delegado respons\u00e1vel pela regi\u00e3o, Ronnie Reis Esteves, a ex-companheira foi at\u00e9 a delegacia no in\u00edcio da tarde de segunda e conseguiu uma medida protetiva por viol\u00eancia dom\u00e9stica.&nbsp;<\/p>\n\n\n\n<p>O oficial de justi\u00e7a, por\u00e9m, n\u00e3o conseguiu entregar a intima\u00e7\u00e3o ao homem, pois o crime j\u00e1 havia ocorrido. &#8220;A Pol\u00edcia Civil encaminhou a ao Poder Judici\u00e1rio [o pedido de prote\u00e7\u00e3o], que imediatamente deferiu. Assim que o oficial de justi\u00e7a foi intimar o agressor, j\u00e1 se deparou com aquela situa\u00e7\u00e3o&#8221;, disse.<\/p>\n","protected":false},"excerpt":{"rendered":"<p>A pol\u00edcia investiga a morte de uma jovem de 20 anos em Rodeio, no Vale do Itaja\u00ed, em Santa Catarina.<\/p>\n","protected":false},"author":5,"featured_media":6544,"comment_status":"open","ping_status":"closed","sticky":false,"template":"","format":"standard","meta":{"colormag_page_container_layout":"default_layout","colormag_page_sidebar_layout":"default_layout","footnotes":""},"categories":[1],"tags":[],"class_list":["post-6543","post","type-post","status-publish","format-standard","has-post-thumbnail","hentry","category-geral"],"_links":{"self":[{"href":"https:\/\/itapicurufm.com.br\/index.php\/wp-json\/wp\/v2\/posts\/6543","targetHints":{"allow":["GET"]}}],"collection":[{"href":"https:\/\/itapicurufm.com.br\/index.php\/wp-json\/wp\/v2\/posts"}],"about":[{"href":"https:\/\/itapicurufm.com.br\/index.php\/wp-json\/wp\/v2\/types\/post"}],"author":[{"embeddable":true,"href":"https:\/\/itapicurufm.com.br\/index.php\/wp-json\/wp\/v2\/users\/5"}],"replies":[{"embeddable":true,"href":"https:\/\/itapicurufm.com.br\/index.php\/wp-json\/wp\/v2\/comments?post=6543"}],"version-history":[{"count":1,"href":"https:\/\/itapicurufm.com.br\/index.php\/wp-json\/wp\/v2\/posts\/6543\/revisions"}],"predecessor-version":[{"id":6545,"href":"https:\/\/itapicurufm.com.br\/index.php\/wp-json\/wp\/v2\/posts\/6543\/revisions\/6545"}],"wp:featuredmedia":[{"embeddable":true,"href":"https:\/\/itapicurufm.com.br\/index.php\/wp-json\/wp\/v2\/media\/6544"}],"wp:attachment":[{"href":"https:\/\/itapicurufm.com.br\/index.php\/wp-json\/wp\/v2\/media?parent=6543"}],"wp:term":[{"taxonomy":"category","embeddable":true,"href":"https:\/\/itapicurufm.com.br\/index.php\/wp-json\/wp\/v2\/categories?post=6543"},{"taxonomy":"post_tag","embeddable":true,"href":"https:\/\/itapicurufm.com.br\/index.php\/wp-json\/wp\/v2\/tags?post=6543"}],"curies":[{"name":"wp","href":"https:\/\/api.w.org\/{rel}","templated":true}]}}