{"id":6161,"date":"2021-03-18T06:05:13","date_gmt":"2021-03-18T09:05:13","guid":{"rendered":"https:\/\/itapicurufm.com.br\/?p=6161"},"modified":"2021-03-18T06:05:14","modified_gmt":"2021-03-18T09:05:14","slug":"agnaldo-timoteo-e-internado-em-uti-com-covid-19","status":"publish","type":"post","link":"https:\/\/itapicurufm.com.br\/index.php\/2021\/03\/18\/agnaldo-timoteo-e-internado-em-uti-com-covid-19\/","title":{"rendered":"Agnaldo Tim\u00f3teo \u00e9 internado em UTI com Covid-19"},"content":{"rendered":"\n<p>O cantor e compositor Agnaldo Tim\u00f3teo, de 84 anos, est\u00e1 internado com a Covid-19 na Unidade de Terapia Intensiva (UTI) do Hospital Casa S\u00e3o Bernardo, na Barra da Tijuca, Rio de Janeiro. Segundo a unidade de sa\u00fade, o estado do cantor \u00e9 grave, mas est\u00e1vel e ele n\u00e3o precisou ser entubado.<\/p>\n\n\n\n<p>A informa\u00e7\u00e3o foi divulgada nesta quarta-feira, 17, nas redes sociais do artista. O cantor tomou a segunda dose da vacina contra a Covid-19 nesta segunda-feira, 15, e os m\u00e9dicos acreditam que ele tenha se contaminado entre a primeira e a segunda dose da vacina.&nbsp;<\/p>\n\n\n\n<p>Conforme o G1, na noite desta ter\u00e7a-feira, 16, o cantor reclamou de falta de ar e a tomografia apontou \u201cacometimento de m\u00e9dio a grave\u201d dos pulm\u00f5es. Tim\u00f3teo recebeu medica\u00e7\u00e3o e foi colocado em isolamento.<\/p>\n","protected":false},"excerpt":{"rendered":"<p>O cantor e compositor Agnaldo Tim\u00f3teo, de 84 anos, est\u00e1 internado com a Covid-19 na Unidade de Terapia Intensiva (UTI)<\/p>\n","protected":false},"author":5,"featured_media":6162,"comment_status":"open","ping_status":"closed","sticky":false,"template":"","format":"standard","meta":{"colormag_page_container_layout":"default_layout","colormag_page_sidebar_layout":"default_layout","footnotes":""},"categories":[8],"tags":[],"class_list":["post-6161","post","type-post","status-publish","format-standard","has-post-thumbnail","hentry","category-brasil"],"_links":{"self":[{"href":"https:\/\/itapicurufm.com.br\/index.php\/wp-json\/wp\/v2\/posts\/6161","targetHints":{"allow":["GET"]}}],"collection":[{"href":"https:\/\/itapicurufm.com.br\/index.php\/wp-json\/wp\/v2\/posts"}],"about":[{"href":"https:\/\/itapicurufm.com.br\/index.php\/wp-json\/wp\/v2\/types\/post"}],"author":[{"embeddable":true,"href":"https:\/\/itapicurufm.com.br\/index.php\/wp-json\/wp\/v2\/users\/5"}],"replies":[{"embeddable":true,"href":"https:\/\/itapicurufm.com.br\/index.php\/wp-json\/wp\/v2\/comments?post=6161"}],"version-history":[{"count":1,"href":"https:\/\/itapicurufm.com.br\/index.php\/wp-json\/wp\/v2\/posts\/6161\/revisions"}],"predecessor-version":[{"id":6163,"href":"https:\/\/itapicurufm.com.br\/index.php\/wp-json\/wp\/v2\/posts\/6161\/revisions\/6163"}],"wp:featuredmedia":[{"embeddable":true,"href":"https:\/\/itapicurufm.com.br\/index.php\/wp-json\/wp\/v2\/media\/6162"}],"wp:attachment":[{"href":"https:\/\/itapicurufm.com.br\/index.php\/wp-json\/wp\/v2\/media?parent=6161"}],"wp:term":[{"taxonomy":"category","embeddable":true,"href":"https:\/\/itapicurufm.com.br\/index.php\/wp-json\/wp\/v2\/categories?post=6161"},{"taxonomy":"post_tag","embeddable":true,"href":"https:\/\/itapicurufm.com.br\/index.php\/wp-json\/wp\/v2\/tags?post=6161"}],"curies":[{"name":"wp","href":"https:\/\/api.w.org\/{rel}","templated":true}]}}