{"id":5984,"date":"2021-03-05T06:14:30","date_gmt":"2021-03-05T09:14:30","guid":{"rendered":"https:\/\/itapicurufm.com.br\/?p=5984"},"modified":"2021-03-05T06:14:31","modified_gmt":"2021-03-05T09:14:31","slug":"taxista-sequestrado-durante-aniversario-e-encontrado-morto-em-terreno-baldio","status":"publish","type":"post","link":"https:\/\/itapicurufm.com.br\/index.php\/2021\/03\/05\/taxista-sequestrado-durante-aniversario-e-encontrado-morto-em-terreno-baldio\/","title":{"rendered":"Taxista sequestrado durante anivers\u00e1rio \u00e9 encontrado morto em terreno baldio"},"content":{"rendered":"\n<p>O corpo de um homem com as m\u00e3os amarradas foi encontrado por populares em um terreno baldio, em Cama\u00e7ari, Regi\u00e3o Metropolitana de Salvador, na ter\u00e7a-feira (3).<\/p>\n\n\n\n<p>A v\u00edtima foi identificada por familiares como Sinval Louren\u00e7o Correia Neto. Aos policiais os parentes informaram que a v\u00edtima estava em casa no munic\u00edpio de Dias D\u2019\u00c1vila comemorando um aniversario com seus familiares quando tr\u00eas indiv\u00edduos&nbsp;invadiram a casa e o seq\u00fcestraram.<\/p>\n\n\n\n<p>Os policiais acionaram o Departamento de Pol\u00edcia T\u00e9cnica para remo\u00e7\u00e3o do corpo e registrou o homic\u00eddio da 18\u00aa delegacia de Cama\u00e7ari.<\/p>\n","protected":false},"excerpt":{"rendered":"<p>O corpo de um homem com as m\u00e3os amarradas foi encontrado por populares em um terreno baldio, em Cama\u00e7ari, Regi\u00e3o<\/p>\n","protected":false},"author":5,"featured_media":5985,"comment_status":"open","ping_status":"closed","sticky":false,"template":"","format":"standard","meta":{"colormag_page_container_layout":"default_layout","colormag_page_sidebar_layout":"default_layout","footnotes":""},"categories":[8],"tags":[],"class_list":["post-5984","post","type-post","status-publish","format-standard","has-post-thumbnail","hentry","category-brasil"],"_links":{"self":[{"href":"https:\/\/itapicurufm.com.br\/index.php\/wp-json\/wp\/v2\/posts\/5984","targetHints":{"allow":["GET"]}}],"collection":[{"href":"https:\/\/itapicurufm.com.br\/index.php\/wp-json\/wp\/v2\/posts"}],"about":[{"href":"https:\/\/itapicurufm.com.br\/index.php\/wp-json\/wp\/v2\/types\/post"}],"author":[{"embeddable":true,"href":"https:\/\/itapicurufm.com.br\/index.php\/wp-json\/wp\/v2\/users\/5"}],"replies":[{"embeddable":true,"href":"https:\/\/itapicurufm.com.br\/index.php\/wp-json\/wp\/v2\/comments?post=5984"}],"version-history":[{"count":1,"href":"https:\/\/itapicurufm.com.br\/index.php\/wp-json\/wp\/v2\/posts\/5984\/revisions"}],"predecessor-version":[{"id":5986,"href":"https:\/\/itapicurufm.com.br\/index.php\/wp-json\/wp\/v2\/posts\/5984\/revisions\/5986"}],"wp:featuredmedia":[{"embeddable":true,"href":"https:\/\/itapicurufm.com.br\/index.php\/wp-json\/wp\/v2\/media\/5985"}],"wp:attachment":[{"href":"https:\/\/itapicurufm.com.br\/index.php\/wp-json\/wp\/v2\/media?parent=5984"}],"wp:term":[{"taxonomy":"category","embeddable":true,"href":"https:\/\/itapicurufm.com.br\/index.php\/wp-json\/wp\/v2\/categories?post=5984"},{"taxonomy":"post_tag","embeddable":true,"href":"https:\/\/itapicurufm.com.br\/index.php\/wp-json\/wp\/v2\/tags?post=5984"}],"curies":[{"name":"wp","href":"https:\/\/api.w.org\/{rel}","templated":true}]}}