{"id":5976,"date":"2021-03-04T17:53:55","date_gmt":"2021-03-04T20:53:55","guid":{"rendered":"https:\/\/itapicurufm.com.br\/?p=5976"},"modified":"2021-03-04T17:53:57","modified_gmt":"2021-03-04T20:53:57","slug":"secretaria-de-saude-de-ponto-novo-kellyn-duany-e-eleita-coordenadora-da-comissao-intergestora-regional-cir","status":"publish","type":"post","link":"https:\/\/itapicurufm.com.br\/index.php\/2021\/03\/04\/secretaria-de-saude-de-ponto-novo-kellyn-duany-e-eleita-coordenadora-da-comissao-intergestora-regional-cir\/","title":{"rendered":"Secret\u00e1ria de Sa\u00fade de Ponto Novo Kellyn Duany \u00e9 eleita coordenadora da Comiss\u00e3o Intergestora Regional ( CIR)"},"content":{"rendered":"\n<p><\/p>\n\n\n\n<p>Nesta quarta (03), houve a elei\u00e7\u00e3o da CIR \u2013 Comiss\u00e3o Intergestora Regional , que conta com a participa\u00e7\u00e3o dos nove gestores municipais de sa\u00fade da regi\u00e3o de Senhor do Bonfim, o governo do estado, representado pelo n\u00facleo regional de sa\u00fade e dois representantes da Secretaria de Sa\u00fade do Estado (SESAB).<\/p>\n\n\n\n<p>O objetivo da CIR, \u00e9 acompanhar, pactuar e deliberar sobre as pol\u00edticas p\u00fablicas da regi\u00e3o.<\/p>\n\n\n\n<p>O Coordenador do N\u00facleo Regional de sa\u00fade Pedro Alc\u00e2ntara falou sobre a elei\u00e7\u00e3o da CIR, e a import\u00e2ncia para a continuidade das a\u00e7\u00f5es.<\/p>\n\n\n\n<p>A coordenadora da CIR e Secret\u00e1ria de Sa\u00fade de Ponto Novo agradeceu a confian\u00e7a e falou dos desafios \u00e0 frente da CIR.<\/p>\n","protected":false},"excerpt":{"rendered":"<p>Nesta quarta (03), houve a elei\u00e7\u00e3o da CIR \u2013 Comiss\u00e3o Intergestora Regional , que conta com a participa\u00e7\u00e3o dos nove<\/p>\n","protected":false},"author":5,"featured_media":5977,"comment_status":"open","ping_status":"closed","sticky":false,"template":"","format":"standard","meta":{"colormag_page_container_layout":"default_layout","colormag_page_sidebar_layout":"default_layout","footnotes":""},"categories":[3],"tags":[],"class_list":["post-5976","post","type-post","status-publish","format-standard","has-post-thumbnail","hentry","category-pontonovo"],"_links":{"self":[{"href":"https:\/\/itapicurufm.com.br\/index.php\/wp-json\/wp\/v2\/posts\/5976","targetHints":{"allow":["GET"]}}],"collection":[{"href":"https:\/\/itapicurufm.com.br\/index.php\/wp-json\/wp\/v2\/posts"}],"about":[{"href":"https:\/\/itapicurufm.com.br\/index.php\/wp-json\/wp\/v2\/types\/post"}],"author":[{"embeddable":true,"href":"https:\/\/itapicurufm.com.br\/index.php\/wp-json\/wp\/v2\/users\/5"}],"replies":[{"embeddable":true,"href":"https:\/\/itapicurufm.com.br\/index.php\/wp-json\/wp\/v2\/comments?post=5976"}],"version-history":[{"count":1,"href":"https:\/\/itapicurufm.com.br\/index.php\/wp-json\/wp\/v2\/posts\/5976\/revisions"}],"predecessor-version":[{"id":5978,"href":"https:\/\/itapicurufm.com.br\/index.php\/wp-json\/wp\/v2\/posts\/5976\/revisions\/5978"}],"wp:featuredmedia":[{"embeddable":true,"href":"https:\/\/itapicurufm.com.br\/index.php\/wp-json\/wp\/v2\/media\/5977"}],"wp:attachment":[{"href":"https:\/\/itapicurufm.com.br\/index.php\/wp-json\/wp\/v2\/media?parent=5976"}],"wp:term":[{"taxonomy":"category","embeddable":true,"href":"https:\/\/itapicurufm.com.br\/index.php\/wp-json\/wp\/v2\/categories?post=5976"},{"taxonomy":"post_tag","embeddable":true,"href":"https:\/\/itapicurufm.com.br\/index.php\/wp-json\/wp\/v2\/tags?post=5976"}],"curies":[{"name":"wp","href":"https:\/\/api.w.org\/{rel}","templated":true}]}}