{"id":5496,"date":"2021-02-02T06:22:02","date_gmt":"2021-02-02T09:22:02","guid":{"rendered":"http:\/\/itapicurufm.com.br\/?p=5496"},"modified":"2021-02-02T06:22:03","modified_gmt":"2021-02-02T09:22:03","slug":"adesao-de-municipios-a-programa-de-regularizacao-fundiaria-comecou-nesta-segunda","status":"publish","type":"post","link":"https:\/\/itapicurufm.com.br\/index.php\/2021\/02\/02\/adesao-de-municipios-a-programa-de-regularizacao-fundiaria-comecou-nesta-segunda\/","title":{"rendered":"Ades\u00e3o de munic\u00edpios a programa de regulariza\u00e7\u00e3o fundi\u00e1ria come\u00e7ou nesta segunda"},"content":{"rendered":"\n<p>Come\u00e7ou ontem (1\u00ba) o prazo para que munic\u00edpios e o Distrito Federal fa\u00e7am ades\u00e3o ao Programa de Regulariza\u00e7\u00e3o Fundi\u00e1ria e Melhoria Habitacional. O programa vai oferecer a execu\u00e7\u00e3o de obras e servi\u00e7os destinados \u00e0 regulariza\u00e7\u00e3o fundi\u00e1ria de n\u00facleos urbanos informais classificados como de interesse social.<\/p>\n\n\n\n<p>As \u00e1reas dever\u00e3o estar ocupadas ocupadas, majoritariamente, por fam\u00edlias de baixa renda. N\u00e3o poder\u00e3o ser inclu\u00eddas casas localizadas em \u00e1reas n\u00e3o pass\u00edveis de regulariza\u00e7\u00e3o ou de risco.<\/p>\n\n\n\n<p>De acordo com o Minist\u00e9rio do Desenvolvimento Regional a inten\u00e7\u00e3o \u00e9 iniciar o processo de regulariza\u00e7\u00e3o fundi\u00e1ria de mais de 100 mil im\u00f3veis de fam\u00edlias de baixa renda at\u00e9 o fim de 2021.<\/p>\n\n\n\n<p>Pelo programa, ap\u00f3s a ades\u00e3o dos munic\u00edpios e identifica\u00e7\u00e3o das \u00e1reas de interesse social, empresas privadas poder\u00e3o selecionar o n\u00facleo urbano informal para propor uma estrat\u00e9gia de regulariza\u00e7\u00e3o fundi\u00e1ria.<\/p>\n\n\n\n<p>Entre outros pontos, a proposta deve conter a implementa\u00e7\u00e3o de medidas t\u00e9cnicas, administrativas e jur\u00eddicas que visem \u00e0 regulariza\u00e7\u00e3o fundi\u00e1ria de n\u00facleo urbano informal e \u00e0 melhoria habitacional.<\/p>\n\n\n\n<p>Ela tamb\u00e9m deve abranger no m\u00ednimo 100 e no m\u00e1ximo 700 lotes e prever a incorpora\u00e7\u00e3o do n\u00facleo urbano informal ao ordenamento territorial da cidade, com a constitui\u00e7\u00e3o de direito real em favor de seus ocupantes.<\/p>\n\n\n\n<p>A proposta dever\u00e1 ser aceita pelo poder p\u00fablico local para que a empresa possa receber o financiamento com os agentes financeiros credenciados a operar o programa.<\/p>\n\n\n\n<p>Al\u00e9m disso, o programa poder\u00e1 cobrir despesas e custos necess\u00e1rios para implementa\u00e7\u00e3o de medidas jur\u00eddicas, urban\u00edsticas, ambientais e sociais destinadas a promover a regulariza\u00e7\u00e3o fundi\u00e1ria, inclusive despesas cartor\u00e1rias n\u00e3o isentas de gratuidade, e taxas administrativas, bem como despesas com material de constru\u00e7\u00e3o, m\u00e3o de obra, assist\u00eancia t\u00e9cnica para elabora\u00e7\u00e3o de projetos e acompanhamento ou execu\u00e7\u00e3o de obras de melhoria habitacional.<\/p>\n\n\n\n<p>J\u00e1 os moradores que desejarem aderir ao programa, dever\u00e3o efetuar o pagamento do financiamento em parcela \u00fanica, sob a forma de cau\u00e7\u00e3o, no momento da assinatura do contrato. O valor ser\u00e1 proporcional \u00e0 renda familiar mensal.<\/p>\n\n\n\n<p>Al\u00e9m da regulariza\u00e7\u00e3o da \u00e1rea, o programa tamb\u00e9m vai oferecer melhorias habitacionais em algumas das unidades regularizadas.<\/p>\n\n\n\n<p>A pasta disse ainda que cerca de 20 mil im\u00f3veis inclu\u00eddos no programa tamb\u00e9m receber\u00e3o adequa\u00e7\u00f5es para melhorar a moradia, instala\u00e7\u00e3o de banheiro, cobertura ou piso, instala\u00e7\u00f5es el\u00e9tricas ou hidr\u00e1ulicas inadequadas.<\/p>\n\n\n\n<p>\u201cPoder\u00e3o ser beneficiadas fam\u00edlias com renda mensal de at\u00e9 R$ 2 mil. \u00c9 necess\u00e1rio estar no Cad\u00danico do governo federal, n\u00e3o possuir outros im\u00f3veis no territ\u00f3rio nacional e o propriet\u00e1rio ser maior de 18 anos ou emancipado\u201d, informou a pasta.<\/p>\n","protected":false},"excerpt":{"rendered":"<p>Come\u00e7ou ontem (1\u00ba) o prazo para que munic\u00edpios e o Distrito Federal fa\u00e7am ades\u00e3o ao Programa de Regulariza\u00e7\u00e3o Fundi\u00e1ria e<\/p>\n","protected":false},"author":5,"featured_media":5497,"comment_status":"open","ping_status":"closed","sticky":false,"template":"","format":"standard","meta":{"colormag_page_container_layout":"default_layout","colormag_page_sidebar_layout":"default_layout","footnotes":""},"categories":[8],"tags":[],"class_list":["post-5496","post","type-post","status-publish","format-standard","has-post-thumbnail","hentry","category-brasil"],"_links":{"self":[{"href":"https:\/\/itapicurufm.com.br\/index.php\/wp-json\/wp\/v2\/posts\/5496","targetHints":{"allow":["GET"]}}],"collection":[{"href":"https:\/\/itapicurufm.com.br\/index.php\/wp-json\/wp\/v2\/posts"}],"about":[{"href":"https:\/\/itapicurufm.com.br\/index.php\/wp-json\/wp\/v2\/types\/post"}],"author":[{"embeddable":true,"href":"https:\/\/itapicurufm.com.br\/index.php\/wp-json\/wp\/v2\/users\/5"}],"replies":[{"embeddable":true,"href":"https:\/\/itapicurufm.com.br\/index.php\/wp-json\/wp\/v2\/comments?post=5496"}],"version-history":[{"count":1,"href":"https:\/\/itapicurufm.com.br\/index.php\/wp-json\/wp\/v2\/posts\/5496\/revisions"}],"predecessor-version":[{"id":5498,"href":"https:\/\/itapicurufm.com.br\/index.php\/wp-json\/wp\/v2\/posts\/5496\/revisions\/5498"}],"wp:featuredmedia":[{"embeddable":true,"href":"https:\/\/itapicurufm.com.br\/index.php\/wp-json\/wp\/v2\/media\/5497"}],"wp:attachment":[{"href":"https:\/\/itapicurufm.com.br\/index.php\/wp-json\/wp\/v2\/media?parent=5496"}],"wp:term":[{"taxonomy":"category","embeddable":true,"href":"https:\/\/itapicurufm.com.br\/index.php\/wp-json\/wp\/v2\/categories?post=5496"},{"taxonomy":"post_tag","embeddable":true,"href":"https:\/\/itapicurufm.com.br\/index.php\/wp-json\/wp\/v2\/tags?post=5496"}],"curies":[{"name":"wp","href":"https:\/\/api.w.org\/{rel}","templated":true}]}}