{"id":5352,"date":"2021-01-25T06:32:56","date_gmt":"2021-01-25T09:32:56","guid":{"rendered":"http:\/\/itapicurufm.com.br\/?p=5352"},"modified":"2021-01-25T06:32:57","modified_gmt":"2021-01-25T09:32:57","slug":"bahia-ultrapassa-75-mil-vacinados-contra-o-coronavirus","status":"publish","type":"post","link":"https:\/\/itapicurufm.com.br\/index.php\/2021\/01\/25\/bahia-ultrapassa-75-mil-vacinados-contra-o-coronavirus\/","title":{"rendered":"Bahia ultrapassa 75 mil vacinados contra o coronav\u00edrus"},"content":{"rendered":"\n<p>Com 75.924 vacinados contra o coronav\u00edrus (Covid-19) at\u00e9 \u00e0s 14 horas deste domingo (24), a Bahia \u00e9 um dos estados do pa\u00eds com o maior n\u00famero de imunizados. Os n\u00fameros foram ajustados em rela\u00e7\u00e3o ao \u00faltimo boletim devido uma inconsist\u00eancia identificada na base de dados do painel de vacina\u00e7\u00e3o.<\/p>\n\n\n\n<p>Cabe esclarecer que o sistema oficial do Minist\u00e9rio da Sa\u00fade para o registro das doses vem sofrendo instabilidade, impossibilitando o lan\u00e7amento em tempo real por parte dos munic\u00edpios. Neste cen\u00e1rio, visando a transpar\u00eancia e o acompanhamento da vacina\u00e7\u00e3o em todo o estado, a Sesab realiza o contato di\u00e1rio com as equipes de cada munic\u00edpio a fim de aferir o quantitativo de doses aplicadas.<\/p>\n\n\n\n<p><strong>Boletim<\/strong><\/p>\n\n\n\n<p>Na Bahia, nas \u00faltimas 24 horas, foram registrados 2.854 casos de Covid-19 (taxa de crescimento de +0,5%). Dos 565.320 casos confirmados desde o in\u00edcio da pandemia, 543.991 j\u00e1 s\u00e3o considerados recuperados e 11.472 encontram-se ativos. A base de dados completa dos casos suspeitos, descartados, confirmados e \u00f3bitos relacionados ao coronav\u00edrus est\u00e1 dispon\u00edvel no&nbsp;<a href=\"https:\/\/bi.saude.ba.gov.br\/transparencia\/\" target=\"_blank\" rel=\"noreferrer noopener\">site<\/a>.<\/p>\n\n\n\n<p>Para fins estat\u00edsticos, a vigil\u00e2ncia epidemiol\u00f3gica estadual considera um paciente recuperado ap\u00f3s 14 dias do in\u00edcio dos sintomas da Covid-19. J\u00e1 os casos ativos s\u00e3o resultado do seguinte c\u00e1lculo: n\u00famero de casos totais, menos os \u00f3bitos, menos os recuperados. Os c\u00e1lculos s\u00e3o realizados de modo autom\u00e1tico.<\/p>\n\n\n\n<p>Os casos confirmados ocorreram em 417 munic\u00edpios baianos, com maior propor\u00e7\u00e3o em Salvador (21,99%). Os munic\u00edpios com os maiores coeficientes de incid\u00eancia por 100.000 habitantes foram: Ibirataia (11.487,72), Itoror\u00f3 (9.709,55), Muniz Ferreira (8.892,48), Itabuna (8.875,22) e Concei\u00e7\u00e3o do Coit\u00e9 (8.804,72).<\/p>\n\n\n\n<p>O boletim epidemiol\u00f3gico contabiliza ainda 954.812 casos descartados e 135.024 em investiga\u00e7\u00e3o. Estes dados representam notifica\u00e7\u00f5es oficiais compiladas pelo Centro de Informa\u00e7\u00f5es Estrat\u00e9gicas em Vigil\u00e2ncia em Sa\u00fade da Bahia (Cievs-BA), em conjunto com as vigil\u00e2ncias municipais e as bases de dados do Minist\u00e9rio da Sa\u00fade at\u00e9 as 17 horas deste domingo (24).<\/p>\n\n\n\n<p>Na Bahia, 39.282 profissionais da sa\u00fade foram confirmados para Covid-19. <\/p>\n","protected":false},"excerpt":{"rendered":"<p>Com 75.924 vacinados contra o coronav\u00edrus (Covid-19) at\u00e9 \u00e0s 14 horas deste domingo (24), a Bahia \u00e9 um dos estados<\/p>\n","protected":false},"author":5,"featured_media":5353,"comment_status":"open","ping_status":"closed","sticky":false,"template":"","format":"standard","meta":{"colormag_page_container_layout":"default_layout","colormag_page_sidebar_layout":"default_layout","footnotes":""},"categories":[1],"tags":[],"class_list":["post-5352","post","type-post","status-publish","format-standard","has-post-thumbnail","hentry","category-geral"],"_links":{"self":[{"href":"https:\/\/itapicurufm.com.br\/index.php\/wp-json\/wp\/v2\/posts\/5352","targetHints":{"allow":["GET"]}}],"collection":[{"href":"https:\/\/itapicurufm.com.br\/index.php\/wp-json\/wp\/v2\/posts"}],"about":[{"href":"https:\/\/itapicurufm.com.br\/index.php\/wp-json\/wp\/v2\/types\/post"}],"author":[{"embeddable":true,"href":"https:\/\/itapicurufm.com.br\/index.php\/wp-json\/wp\/v2\/users\/5"}],"replies":[{"embeddable":true,"href":"https:\/\/itapicurufm.com.br\/index.php\/wp-json\/wp\/v2\/comments?post=5352"}],"version-history":[{"count":1,"href":"https:\/\/itapicurufm.com.br\/index.php\/wp-json\/wp\/v2\/posts\/5352\/revisions"}],"predecessor-version":[{"id":5354,"href":"https:\/\/itapicurufm.com.br\/index.php\/wp-json\/wp\/v2\/posts\/5352\/revisions\/5354"}],"wp:featuredmedia":[{"embeddable":true,"href":"https:\/\/itapicurufm.com.br\/index.php\/wp-json\/wp\/v2\/media\/5353"}],"wp:attachment":[{"href":"https:\/\/itapicurufm.com.br\/index.php\/wp-json\/wp\/v2\/media?parent=5352"}],"wp:term":[{"taxonomy":"category","embeddable":true,"href":"https:\/\/itapicurufm.com.br\/index.php\/wp-json\/wp\/v2\/categories?post=5352"},{"taxonomy":"post_tag","embeddable":true,"href":"https:\/\/itapicurufm.com.br\/index.php\/wp-json\/wp\/v2\/tags?post=5352"}],"curies":[{"name":"wp","href":"https:\/\/api.w.org\/{rel}","templated":true}]}}