{"id":5346,"date":"2021-01-25T06:23:37","date_gmt":"2021-01-25T09:23:37","guid":{"rendered":"http:\/\/itapicurufm.com.br\/?p=5346"},"modified":"2021-01-25T06:23:38","modified_gmt":"2021-01-25T09:23:38","slug":"apos-negar-saida-da-base-nilo-volta-a-provocar-rui-costa-nas-redes-sociais","status":"publish","type":"post","link":"https:\/\/itapicurufm.com.br\/index.php\/2021\/01\/25\/apos-negar-saida-da-base-nilo-volta-a-provocar-rui-costa-nas-redes-sociais\/","title":{"rendered":"Ap\u00f3s negar sa\u00edda da base, Nilo volta a provocar Rui Costa nas redes sociais"},"content":{"rendered":"\n<p>O deputado federal Marcelo Nilo (PSB-BA) voltou a provocar o governador da Bahia, Rui Costa (PT), nas redes sociais, no fim da noite de s\u00e1bado (23). Apesar de ter dito ao&nbsp;<strong>bahia.ba<\/strong>&nbsp;que&nbsp;<a href=\"https:\/\/bahia.ba\/politica\/marcelo-nilo-nega-saida-da-base-de-rui-e-encerra-polemica-sobre-postagem\/\" target=\"_blank\" rel=\"noreferrer noopener\">n\u00e3o sairia da base governista<\/a>&nbsp;e que omas discuss\u00f5es j\u00e1 tinham sido encerradas, Nilo alfineta o petista mais uma vez.<\/p>\n\n\n\n<p>\u201cRecebi 34 telefonemas de deputados federais e estaduais me parabenizando. [\u2026] Disseram que tinham vontade de dizer, n\u00e3o n\u00e3o tinham coragem\u201d, publicou Nilo em seu perfil no Twitter.<\/p>\n\n\n\n<p>Os atritos entre o parlamentar e o governador come\u00e7aram ap\u00f3s o vice-governador da Bahia, Jo\u00e3o Le\u00e3o (PP), ser escolhido para chefiar a Casa Civil e conseguir a pasta da Secretaria de Desenvolvimento Econ\u00f4mico (SDE) para Nelson Leal (PP), enquanto o parlamentar queria a presid\u00eancia da Embasa, segundo fontes que pediram anonimato. Nilo recha\u00e7ou a informa\u00e7\u00e3o obtida pelo&nbsp;<strong>bahia.ba<\/strong>.<\/p>\n\n\n\n<p>Para Nilo, ele tem sido fiel demais ao governador, enquanto aqueles que o criticam, ganham b\u00f4nus, se referindo ao PP e PSD. Rui rebateu as cr\u00edticas p\u00fablicas do parlamentar: \u201cD\u00ea mais aten\u00e7\u00e3o aos problemas do povo do que dos pol\u00edticos\u201d.(https:\/\/bahia.ba\/)<\/p>\n","protected":false},"excerpt":{"rendered":"<p>O deputado federal Marcelo Nilo (PSB-BA) voltou a provocar o governador da Bahia, Rui Costa (PT), nas redes sociais, no<\/p>\n","protected":false},"author":5,"featured_media":5347,"comment_status":"open","ping_status":"closed","sticky":false,"template":"","format":"standard","meta":{"colormag_page_container_layout":"default_layout","colormag_page_sidebar_layout":"default_layout","footnotes":""},"categories":[8],"tags":[],"class_list":["post-5346","post","type-post","status-publish","format-standard","has-post-thumbnail","hentry","category-brasil"],"_links":{"self":[{"href":"https:\/\/itapicurufm.com.br\/index.php\/wp-json\/wp\/v2\/posts\/5346","targetHints":{"allow":["GET"]}}],"collection":[{"href":"https:\/\/itapicurufm.com.br\/index.php\/wp-json\/wp\/v2\/posts"}],"about":[{"href":"https:\/\/itapicurufm.com.br\/index.php\/wp-json\/wp\/v2\/types\/post"}],"author":[{"embeddable":true,"href":"https:\/\/itapicurufm.com.br\/index.php\/wp-json\/wp\/v2\/users\/5"}],"replies":[{"embeddable":true,"href":"https:\/\/itapicurufm.com.br\/index.php\/wp-json\/wp\/v2\/comments?post=5346"}],"version-history":[{"count":1,"href":"https:\/\/itapicurufm.com.br\/index.php\/wp-json\/wp\/v2\/posts\/5346\/revisions"}],"predecessor-version":[{"id":5348,"href":"https:\/\/itapicurufm.com.br\/index.php\/wp-json\/wp\/v2\/posts\/5346\/revisions\/5348"}],"wp:featuredmedia":[{"embeddable":true,"href":"https:\/\/itapicurufm.com.br\/index.php\/wp-json\/wp\/v2\/media\/5347"}],"wp:attachment":[{"href":"https:\/\/itapicurufm.com.br\/index.php\/wp-json\/wp\/v2\/media?parent=5346"}],"wp:term":[{"taxonomy":"category","embeddable":true,"href":"https:\/\/itapicurufm.com.br\/index.php\/wp-json\/wp\/v2\/categories?post=5346"},{"taxonomy":"post_tag","embeddable":true,"href":"https:\/\/itapicurufm.com.br\/index.php\/wp-json\/wp\/v2\/tags?post=5346"}],"curies":[{"name":"wp","href":"https:\/\/api.w.org\/{rel}","templated":true}]}}