{"id":5324,"date":"2021-01-24T06:22:55","date_gmt":"2021-01-24T09:22:55","guid":{"rendered":"http:\/\/itapicurufm.com.br\/?p=5324"},"modified":"2021-01-24T06:22:55","modified_gmt":"2021-01-24T09:22:55","slug":"enfermeira-posta-video-debochando-de-vacina-e-diz-que-so-tomou-para-poder-viajar","status":"publish","type":"post","link":"https:\/\/itapicurufm.com.br\/index.php\/2021\/01\/24\/enfermeira-posta-video-debochando-de-vacina-e-diz-que-so-tomou-para-poder-viajar\/","title":{"rendered":"Enfermeira posta v\u00eddeo debochando de vacina e diz que s\u00f3 tomou para poder viajar"},"content":{"rendered":"\n<p>Uma enfermeira do Hospital da Santa Casa de Miseric\u00f3rdia de Vit\u00f3ria, no Esp\u00edrito Santo, virou alvo de um inqu\u00e9rito ap\u00f3s gravar v\u00eddeo debochando da vacina CoronaVac, a primeira a ser distribu\u00edda no Brasil contra a Covid-19.<\/p>\n\n\n\n<p>Em suas redes sociais, Nathana Ceschim aparece em um v\u00eddeo dizendo que s\u00f3 tomou a vacina porque queria viajar.\u00a0<\/p>\n\n\n\n<p>\u201cTomei por conta que eu quero viajar, n\u00e3o para me sentir mais segura. Porque uma vacina que d\u00e1 50% de seguran\u00e7a para mim n\u00e3o \u00e9 uma vacina. Tomei foi \u00e1gua\u201d, disse no v\u00eddeo. Um comprovante exibido na rede social mostra que a imuniza\u00e7\u00e3o dela contra a Covid-19 aconteceu na ter\u00e7a (19), em Vit\u00f3ria.<\/p>\n\n\n\n<p>Em nota, a Santa Casa informou que a falta da m\u00e1scara no ambiente \u00e9 uma pr\u00e1tica proibida desde o in\u00edcio da pandemia e que todos os colaboradores t\u00eam conhecimento sobre essa regra. O hospital ainda disse que \u201cir\u00e1 tomar as medidas necess\u00e1rias para garantir a seguran\u00e7a de seus pacientes e a manuten\u00e7\u00e3o das normas e condutas fundamentais para o bom atendimento assistencial\u201d.<\/p>\n\n\n\n<p>Sobre a fala da enfermeira sobre a vacina, a Santa Casa esclareceu que, em hip\u00f3tese alguma, compactua com&nbsp;o&nbsp;pensamento e que sempre defendeu a ci\u00eancia. \u201cN\u00e3o seria agora que mudaria sua postura, em um momento t\u00e3o dif\u00edcil que todos estamos enfrentando. Acreditamos sim na vacina e esperamos que, em breve, n\u00e3o s\u00f3 os funcion\u00e1rios, mas toda a sociedade possa ser imunizada\u201d.<\/p>\n\n\n\n<p>Para apurar o caso, o Conselho Regional de Enfermagem do Esp\u00edrito Santo (Coren-ES) abriu um procedimento \u00e9tico.&nbsp;\u201c\u00c9 inaceit\u00e1vel que, ap\u00f3s onze meses de enfrentamento \u00e0 pandemia e em defesa da vida, um profissional de enfermagem se posicione nas redes sociais de forma irrespons\u00e1vel e inconsequente, comprometendo a ci\u00eancia, a sa\u00fade e a vida das pessoas. A apura\u00e7\u00e3o, com amplo direito de defesa, ser\u00e1 com base no C\u00f3digo de \u00c9tica da Enfermagem. As penalidades previstas v\u00e3o de advert\u00eancia \u00e0 cassa\u00e7\u00e3o do registro profissional\u201d,&nbsp;disse, em&nbsp;nota. As informa\u00e7\u00f5es s\u00e3o do G1 e do UOL.<\/p>\n","protected":false},"excerpt":{"rendered":"<p>Uma enfermeira do Hospital da Santa Casa de Miseric\u00f3rdia de Vit\u00f3ria, no Esp\u00edrito Santo, virou alvo de um inqu\u00e9rito ap\u00f3s<\/p>\n","protected":false},"author":5,"featured_media":5325,"comment_status":"open","ping_status":"closed","sticky":false,"template":"","format":"standard","meta":{"colormag_page_container_layout":"default_layout","colormag_page_sidebar_layout":"default_layout","footnotes":""},"categories":[1],"tags":[],"class_list":["post-5324","post","type-post","status-publish","format-standard","has-post-thumbnail","hentry","category-geral"],"_links":{"self":[{"href":"https:\/\/itapicurufm.com.br\/index.php\/wp-json\/wp\/v2\/posts\/5324","targetHints":{"allow":["GET"]}}],"collection":[{"href":"https:\/\/itapicurufm.com.br\/index.php\/wp-json\/wp\/v2\/posts"}],"about":[{"href":"https:\/\/itapicurufm.com.br\/index.php\/wp-json\/wp\/v2\/types\/post"}],"author":[{"embeddable":true,"href":"https:\/\/itapicurufm.com.br\/index.php\/wp-json\/wp\/v2\/users\/5"}],"replies":[{"embeddable":true,"href":"https:\/\/itapicurufm.com.br\/index.php\/wp-json\/wp\/v2\/comments?post=5324"}],"version-history":[{"count":1,"href":"https:\/\/itapicurufm.com.br\/index.php\/wp-json\/wp\/v2\/posts\/5324\/revisions"}],"predecessor-version":[{"id":5326,"href":"https:\/\/itapicurufm.com.br\/index.php\/wp-json\/wp\/v2\/posts\/5324\/revisions\/5326"}],"wp:featuredmedia":[{"embeddable":true,"href":"https:\/\/itapicurufm.com.br\/index.php\/wp-json\/wp\/v2\/media\/5325"}],"wp:attachment":[{"href":"https:\/\/itapicurufm.com.br\/index.php\/wp-json\/wp\/v2\/media?parent=5324"}],"wp:term":[{"taxonomy":"category","embeddable":true,"href":"https:\/\/itapicurufm.com.br\/index.php\/wp-json\/wp\/v2\/categories?post=5324"},{"taxonomy":"post_tag","embeddable":true,"href":"https:\/\/itapicurufm.com.br\/index.php\/wp-json\/wp\/v2\/tags?post=5324"}],"curies":[{"name":"wp","href":"https:\/\/api.w.org\/{rel}","templated":true}]}}