{"id":5315,"date":"2021-01-23T18:41:48","date_gmt":"2021-01-23T21:41:48","guid":{"rendered":"http:\/\/itapicurufm.com.br\/?p=5315"},"modified":"2021-01-23T18:41:50","modified_gmt":"2021-01-23T21:41:50","slug":"doze-onibus-da-falcao-real-sao-destruidos-durante-incendio","status":"publish","type":"post","link":"https:\/\/itapicurufm.com.br\/index.php\/2021\/01\/23\/doze-onibus-da-falcao-real-sao-destruidos-durante-incendio\/","title":{"rendered":"Doze \u00f4nibus da Falc\u00e3o Real s\u00e3o destru\u00eddos durante inc\u00eandio"},"content":{"rendered":"\n<p>Doze \u00f4nibus da empresa Falc\u00e3o Real que fazem transporte intermunicipal foram destru\u00eddos <a href=\"https:\/\/www.bnews.com.br\/noticias\/principal\/policia\/294495,incendio-atinge-onibus-na-rodoviaria-de-salvador-veja-video.html\" target=\"_blank\" rel=\"noreferrer noopener\">em um inc\u00eandio na manh\u00e3 deste s\u00e1bado (23), em uma garagem atr\u00e1s da rodovi\u00e1ria de Salvador, no bairro de Pernambu\u00e9s<\/a>. Um carro de passeio que estava no local tamb\u00e9m foi atingido pelas chamas.&nbsp;<\/p>\n\n\n\n<p>Em conversa com o <strong>BNews<\/strong>, o coronel do Corpo de Bombeiros, Ramon Diego, disse que as chamas foram controladas, mas n\u00e3o h\u00e1 como informar as causas do inc\u00eandio. &#8220;J\u00e1 terminamos o combate, estamos no rescaldo, estamos preocupados tamb\u00e9m com toda \u00e1rea, estamos fazendo uma varredura pra ver se tem novos focos de inc\u00eandio, avaliando a estrutura e o per\u00edmetro do local com as equipes do Corpo de Bombeiros. O que a gente pode passar nesse momento \u00e9 que o inc\u00eandio est\u00e1 controlado, mas estamos fazendo varredura inclusive nas edifica\u00e7\u00f5es vizinhas justamente para deixar o ambiente seguro. \u00c9 muito prematuro tecer qualquer coment\u00e1rio, isso quem vai fornecer essas informa\u00e7\u00f5es \u00e9 a per\u00edcia porque tem compet\u00eancia para fazer a an\u00e1lise&#8221;, disse.<\/p>\n\n\n\n<figure class=\"wp-block-image\"><img decoding=\"async\" src=\"https:\/\/www.bnews.com.br\/fotos\/bocao_noticias\/294505\/mg\/1.jpg\" alt=\"\"\/><\/figure>\n\n\n\n<p>A fuma\u00e7a densa e escura foi vista de diversos locais da cidade, conforme relatos de internautas atrav\u00e9s das redes sociais.\u00a0De acordo com o Corpo de Bombeiros, quatro caminh\u00f5es trabalharam para conter as chamas. No local funciona um escrit\u00f3rio da empresa e uma transportadora. N\u00e3o houve v\u00edtimas.(https:\/\/www.bnews.com.br\/)<\/p>\n","protected":false},"excerpt":{"rendered":"<p>Doze \u00f4nibus da empresa Falc\u00e3o Real que fazem transporte intermunicipal foram destru\u00eddos em um inc\u00eandio na manh\u00e3 deste s\u00e1bado (23),<\/p>\n","protected":false},"author":5,"featured_media":5316,"comment_status":"open","ping_status":"closed","sticky":false,"template":"","format":"standard","meta":{"colormag_page_container_layout":"default_layout","colormag_page_sidebar_layout":"default_layout","footnotes":""},"categories":[1],"tags":[],"class_list":["post-5315","post","type-post","status-publish","format-standard","has-post-thumbnail","hentry","category-geral"],"_links":{"self":[{"href":"https:\/\/itapicurufm.com.br\/index.php\/wp-json\/wp\/v2\/posts\/5315","targetHints":{"allow":["GET"]}}],"collection":[{"href":"https:\/\/itapicurufm.com.br\/index.php\/wp-json\/wp\/v2\/posts"}],"about":[{"href":"https:\/\/itapicurufm.com.br\/index.php\/wp-json\/wp\/v2\/types\/post"}],"author":[{"embeddable":true,"href":"https:\/\/itapicurufm.com.br\/index.php\/wp-json\/wp\/v2\/users\/5"}],"replies":[{"embeddable":true,"href":"https:\/\/itapicurufm.com.br\/index.php\/wp-json\/wp\/v2\/comments?post=5315"}],"version-history":[{"count":1,"href":"https:\/\/itapicurufm.com.br\/index.php\/wp-json\/wp\/v2\/posts\/5315\/revisions"}],"predecessor-version":[{"id":5317,"href":"https:\/\/itapicurufm.com.br\/index.php\/wp-json\/wp\/v2\/posts\/5315\/revisions\/5317"}],"wp:featuredmedia":[{"embeddable":true,"href":"https:\/\/itapicurufm.com.br\/index.php\/wp-json\/wp\/v2\/media\/5316"}],"wp:attachment":[{"href":"https:\/\/itapicurufm.com.br\/index.php\/wp-json\/wp\/v2\/media?parent=5315"}],"wp:term":[{"taxonomy":"category","embeddable":true,"href":"https:\/\/itapicurufm.com.br\/index.php\/wp-json\/wp\/v2\/categories?post=5315"},{"taxonomy":"post_tag","embeddable":true,"href":"https:\/\/itapicurufm.com.br\/index.php\/wp-json\/wp\/v2\/tags?post=5315"}],"curies":[{"name":"wp","href":"https:\/\/api.w.org\/{rel}","templated":true}]}}