{"id":5312,"date":"2021-01-23T18:38:14","date_gmt":"2021-01-23T21:38:14","guid":{"rendered":"http:\/\/itapicurufm.com.br\/?p=5312"},"modified":"2021-01-23T18:38:14","modified_gmt":"2021-01-23T21:38:14","slug":"justica-afasta-secretario-de-saude-apos-conceder-vacina-contra-coronavirus-para-esposa","status":"publish","type":"post","link":"https:\/\/itapicurufm.com.br\/index.php\/2021\/01\/23\/justica-afasta-secretario-de-saude-apos-conceder-vacina-contra-coronavirus-para-esposa\/","title":{"rendered":"Justi\u00e7a afasta secret\u00e1rio de Sa\u00fade ap\u00f3s conceder vacina contra coronav\u00edrus para esposa"},"content":{"rendered":"\n<p>O Minist\u00e9rio P\u00fablico do Estado de Goi\u00e1s (MP-GO) divulgou, nesta sexta-feira (22), o afastamento de 60 dias do Secret\u00e1rio de Sa\u00fade de Pires do Rio, no sudeste goiano, Assis Silva Filho, que \u00e9 acusado de ter cedido uma dose da CoronaVac \u00e0 pr\u00f3pria esposa, sem que ela fa\u00e7a parte dos grupos priorit\u00e1rios do Plano Nacional de Imuniza\u00e7\u00e3o (PNI) do coronav\u00edrus. A medida de afastamento foi concedida pelo juiz Jos\u00e9 dos Reis Pinheiro Lemes.<\/p>\n\n\n\n<p>Conforme o MP-GO, enquanto o secret\u00e1rio estiver afastado, correr\u00e3o as investiga\u00e7\u00f5es para saber se os crimes de abuso de autoridade e prevarica\u00e7\u00e3o foram cometidos.<\/p>\n\n\n\n<p>De acordo com a publica\u00e7\u00e3o do G1, Assis Silva Filho ainda n\u00e3o enviou um posicionamento sobre o caso. Contudo, admitiu ter dado uma dose a esposa durante um v\u00eddeo em que ele justifica que fez isso para proteger a \u201cmulher da vida dele\u201d.&nbsp;<\/p>\n\n\n\n<p>Al\u00e9m disso, o secret\u00e1rio alegou que a esposa tem mais de 70 anos e estaria exposta no trabalho de acompanha-lo nas visitas em unidades de sa\u00fade do munic\u00edpio. Entretanto, n\u00e3o est\u00e1 prevista a vacina\u00e7\u00e3o de pessoas idosas que n\u00e3o estejam institucionalizadas nesta primeira fase do programa de imuniza\u00e7\u00e3o da Covid-19.<\/p>\n\n\n\n<p>Ainda para o G1, a Prefeitura de Pires do Rio informou que &#8220;as devidas provid\u00eancias j\u00e1 est\u00e3o sendo tomadas e que a apura\u00e7\u00e3o dos fatos j\u00e1 est\u00e1 sendo realizada&#8221;.(https:\/\/www.bnews.com.br\/)<\/p>\n","protected":false},"excerpt":{"rendered":"<p>O Minist\u00e9rio P\u00fablico do Estado de Goi\u00e1s (MP-GO) divulgou, nesta sexta-feira (22), o afastamento de 60 dias do Secret\u00e1rio de<\/p>\n","protected":false},"author":5,"featured_media":5313,"comment_status":"open","ping_status":"closed","sticky":false,"template":"","format":"standard","meta":{"colormag_page_container_layout":"default_layout","colormag_page_sidebar_layout":"default_layout","footnotes":""},"categories":[8],"tags":[],"class_list":["post-5312","post","type-post","status-publish","format-standard","has-post-thumbnail","hentry","category-brasil"],"_links":{"self":[{"href":"https:\/\/itapicurufm.com.br\/index.php\/wp-json\/wp\/v2\/posts\/5312","targetHints":{"allow":["GET"]}}],"collection":[{"href":"https:\/\/itapicurufm.com.br\/index.php\/wp-json\/wp\/v2\/posts"}],"about":[{"href":"https:\/\/itapicurufm.com.br\/index.php\/wp-json\/wp\/v2\/types\/post"}],"author":[{"embeddable":true,"href":"https:\/\/itapicurufm.com.br\/index.php\/wp-json\/wp\/v2\/users\/5"}],"replies":[{"embeddable":true,"href":"https:\/\/itapicurufm.com.br\/index.php\/wp-json\/wp\/v2\/comments?post=5312"}],"version-history":[{"count":1,"href":"https:\/\/itapicurufm.com.br\/index.php\/wp-json\/wp\/v2\/posts\/5312\/revisions"}],"predecessor-version":[{"id":5314,"href":"https:\/\/itapicurufm.com.br\/index.php\/wp-json\/wp\/v2\/posts\/5312\/revisions\/5314"}],"wp:featuredmedia":[{"embeddable":true,"href":"https:\/\/itapicurufm.com.br\/index.php\/wp-json\/wp\/v2\/media\/5313"}],"wp:attachment":[{"href":"https:\/\/itapicurufm.com.br\/index.php\/wp-json\/wp\/v2\/media?parent=5312"}],"wp:term":[{"taxonomy":"category","embeddable":true,"href":"https:\/\/itapicurufm.com.br\/index.php\/wp-json\/wp\/v2\/categories?post=5312"},{"taxonomy":"post_tag","embeddable":true,"href":"https:\/\/itapicurufm.com.br\/index.php\/wp-json\/wp\/v2\/tags?post=5312"}],"curies":[{"name":"wp","href":"https:\/\/api.w.org\/{rel}","templated":true}]}}