{"id":513,"date":"2020-05-14T09:05:18","date_gmt":"2020-05-14T12:05:18","guid":{"rendered":"http:\/\/itapicurufm.com.br\/?p=513"},"modified":"2020-05-14T09:05:20","modified_gmt":"2020-05-14T12:05:20","slug":"vereadores-pedem-na-justica-afastamento-de-presidente-da-camara-de-valente","status":"publish","type":"post","link":"https:\/\/itapicurufm.com.br\/index.php\/2020\/05\/14\/vereadores-pedem-na-justica-afastamento-de-presidente-da-camara-de-valente\/","title":{"rendered":"Vereadores pedem na Justi\u00e7a afastamento de presidente da C\u00e2mara de Valente"},"content":{"rendered":"\n<p>A ju\u00edza Renata Furtado Foligno, da comarca de Valente, determinou a cita\u00e7\u00e3o do presidente da C\u00e2mara municipal, Ant\u00f4nio C\u00e9sar Oliveira Rios, acusado de improbidade administrativa e abuso de poder pelos vereadores Lucivaldo Ara\u00fajo da Silva, o Vado do Hospital, e Romilson Cedraz.<\/p>\n\n\n\n<p>A a\u00e7\u00e3o popular foi recebida em 8 de maio e, nesta quarta-feira (13), a magistrada expediu despacho determinando a cita\u00e7\u00e3o do r\u00e9u. De acordo com ela, a aprecia\u00e7\u00e3o do pedido liminar s\u00f3 vai acontecer ap\u00f3s o parlamentar apresentar contesta\u00e7\u00e3o, em respeito aos princ\u00edpios da ampla defesa e do contradit\u00f3rio.(bnews)<\/p>\n","protected":false},"excerpt":{"rendered":"<p>A ju\u00edza Renata Furtado Foligno, da comarca de Valente, determinou a cita\u00e7\u00e3o do presidente da C\u00e2mara municipal, Ant\u00f4nio C\u00e9sar Oliveira<\/p>\n","protected":false},"author":4,"featured_media":514,"comment_status":"open","ping_status":"closed","sticky":false,"template":"","format":"standard","meta":{"colormag_page_container_layout":"default_layout","colormag_page_sidebar_layout":"default_layout","footnotes":""},"categories":[1],"tags":[],"class_list":["post-513","post","type-post","status-publish","format-standard","has-post-thumbnail","hentry","category-geral"],"_links":{"self":[{"href":"https:\/\/itapicurufm.com.br\/index.php\/wp-json\/wp\/v2\/posts\/513","targetHints":{"allow":["GET"]}}],"collection":[{"href":"https:\/\/itapicurufm.com.br\/index.php\/wp-json\/wp\/v2\/posts"}],"about":[{"href":"https:\/\/itapicurufm.com.br\/index.php\/wp-json\/wp\/v2\/types\/post"}],"author":[{"embeddable":true,"href":"https:\/\/itapicurufm.com.br\/index.php\/wp-json\/wp\/v2\/users\/4"}],"replies":[{"embeddable":true,"href":"https:\/\/itapicurufm.com.br\/index.php\/wp-json\/wp\/v2\/comments?post=513"}],"version-history":[{"count":1,"href":"https:\/\/itapicurufm.com.br\/index.php\/wp-json\/wp\/v2\/posts\/513\/revisions"}],"predecessor-version":[{"id":515,"href":"https:\/\/itapicurufm.com.br\/index.php\/wp-json\/wp\/v2\/posts\/513\/revisions\/515"}],"wp:featuredmedia":[{"embeddable":true,"href":"https:\/\/itapicurufm.com.br\/index.php\/wp-json\/wp\/v2\/media\/514"}],"wp:attachment":[{"href":"https:\/\/itapicurufm.com.br\/index.php\/wp-json\/wp\/v2\/media?parent=513"}],"wp:term":[{"taxonomy":"category","embeddable":true,"href":"https:\/\/itapicurufm.com.br\/index.php\/wp-json\/wp\/v2\/categories?post=513"},{"taxonomy":"post_tag","embeddable":true,"href":"https:\/\/itapicurufm.com.br\/index.php\/wp-json\/wp\/v2\/tags?post=513"}],"curies":[{"name":"wp","href":"https:\/\/api.w.org\/{rel}","templated":true}]}}