{"id":4976,"date":"2020-12-31T05:51:13","date_gmt":"2020-12-31T08:51:13","guid":{"rendered":"http:\/\/itapicurufm.com.br\/?p=4976"},"modified":"2020-12-31T05:51:15","modified_gmt":"2020-12-31T08:51:15","slug":"salario-minimo-de-2021-sera-r-1-100","status":"publish","type":"post","link":"https:\/\/itapicurufm.com.br\/index.php\/2020\/12\/31\/salario-minimo-de-2021-sera-r-1-100\/","title":{"rendered":"Sal\u00e1rio m\u00ednimo de 2021 ser\u00e1 R$ 1.100"},"content":{"rendered":"\n<p>O presidente Jair Bolsonaro anunciou nesta quarta-feira,&nbsp;30, em uma rede social que o sal\u00e1rio m\u00ednimo ser\u00e1 de R$ 1.100 em 2021. Segundo Bolsonaro, o valor constar\u00e1 de uma medida provis\u00f3ria (MP), a ser publicada no &#8220;Di\u00e1rio Oficial da Uni\u00e3o&#8221;.&nbsp;O valor atual do sal\u00e1rio m\u00ednimo \u00e9 de R$ 1.045, e o novo valor vale a partir de 1\u00ba janeiro de 2021.<\/p>\n\n\n\n<p>Medidas provis\u00f3rias entram em vigor assim que publicadas no &#8220;Di\u00e1rio Oficial da Uni\u00e3o&#8221;. Precisam, contudo, de aprova\u00e7\u00e3o do Congresso Nacional para se tornar leis em definitivo.<\/p>\n\n\n\n<p>&#8220;O valor de R$ 1.100,00 se refere ao sal\u00e1rio m\u00ednimo nacional. O valor \u00e9 aplic\u00e1vel a todos os trabalhadores, do setor p\u00fablico e privado, e tamb\u00e9m para as aposentadorias e pens\u00f5es&#8221;, afirmou o presidente.<\/p>\n\n\n\n<p>O sal\u00e1rio m\u00ednimo de R$ 1.100 est\u00e1 acima dos R$ 1.088 previstos pelo governo na proposta de altera\u00e7\u00e3o da Lei de Diretrizes Or\u00e7ament\u00e1rias (LDO), enviada em 15 de dezembro ao Congresso Nacional.&nbsp;Na proposta, o governo revisou de R$ 1.067 para R$ 1.088 em raz\u00e3o do crescimento da infla\u00e7\u00e3o nos \u00faltimos meses.<\/p>\n\n\n\n<p>O crescimento da infla\u00e7\u00e3o fez a \u00e1rea econ\u00f4mica do governo aumentar a previs\u00e3o para o \u00cdndice Nacional de Pre\u00e7os ao Consumidor (INPC), base para a corre\u00e7\u00e3o anual do sal\u00e1rio m\u00ednimo.<\/p>\n\n\n\n<p>A Constitui\u00e7\u00e3o determina que o sal\u00e1rio m\u00ednimo tem de ser corrigido, ao menos, pela varia\u00e7\u00e3o do INPC do ano anterior.<\/p>\n\n\n\n<p>De acordo com informa\u00e7\u00f5es do Departamento Intersindical de Estat\u00edstica e Estudos Socioecon\u00f4micos (Dieese), o sal\u00e1rio m\u00ednimo serve de refer\u00eancia para 49 milh\u00f5es de trabalhadores no Brasil.<\/p>\n\n\n\n<p><strong>Impacto nas contas p\u00fablicas<\/strong><\/p>\n\n\n\n<p>Ao conceder um reajuste maior para o sal\u00e1rio m\u00ednimo, o governo federal tamb\u00e9m gasta mais. Isso porque os benef\u00edcios previdenci\u00e1rios n\u00e3o podem ser menores que o valor do m\u00ednimo.<\/p>\n\n\n\n<p>De acordo com c\u00e1lculos do governo, a cada R$ 1 de aumento do sal\u00e1rio m\u00ednimo cria-se uma despesa em 2020 de aproximadamente R$ 343 milh\u00f5es.<\/p>\n\n\n\n<p>Assim, um reajuste R$ 43 maior para o sal\u00e1rio m\u00ednimo em 2021 representaria uma alta de cerca de R$ 14,74 bilh\u00f5es nas despesas para o governo federal.<\/p>\n","protected":false},"excerpt":{"rendered":"<p>O presidente Jair Bolsonaro anunciou nesta quarta-feira,&nbsp;30, em uma rede social que o sal\u00e1rio m\u00ednimo ser\u00e1 de R$ 1.100 em<\/p>\n","protected":false},"author":5,"featured_media":4977,"comment_status":"open","ping_status":"closed","sticky":false,"template":"","format":"standard","meta":{"colormag_page_container_layout":"default_layout","colormag_page_sidebar_layout":"default_layout","footnotes":""},"categories":[1],"tags":[],"class_list":["post-4976","post","type-post","status-publish","format-standard","has-post-thumbnail","hentry","category-geral"],"_links":{"self":[{"href":"https:\/\/itapicurufm.com.br\/index.php\/wp-json\/wp\/v2\/posts\/4976","targetHints":{"allow":["GET"]}}],"collection":[{"href":"https:\/\/itapicurufm.com.br\/index.php\/wp-json\/wp\/v2\/posts"}],"about":[{"href":"https:\/\/itapicurufm.com.br\/index.php\/wp-json\/wp\/v2\/types\/post"}],"author":[{"embeddable":true,"href":"https:\/\/itapicurufm.com.br\/index.php\/wp-json\/wp\/v2\/users\/5"}],"replies":[{"embeddable":true,"href":"https:\/\/itapicurufm.com.br\/index.php\/wp-json\/wp\/v2\/comments?post=4976"}],"version-history":[{"count":1,"href":"https:\/\/itapicurufm.com.br\/index.php\/wp-json\/wp\/v2\/posts\/4976\/revisions"}],"predecessor-version":[{"id":4978,"href":"https:\/\/itapicurufm.com.br\/index.php\/wp-json\/wp\/v2\/posts\/4976\/revisions\/4978"}],"wp:featuredmedia":[{"embeddable":true,"href":"https:\/\/itapicurufm.com.br\/index.php\/wp-json\/wp\/v2\/media\/4977"}],"wp:attachment":[{"href":"https:\/\/itapicurufm.com.br\/index.php\/wp-json\/wp\/v2\/media?parent=4976"}],"wp:term":[{"taxonomy":"category","embeddable":true,"href":"https:\/\/itapicurufm.com.br\/index.php\/wp-json\/wp\/v2\/categories?post=4976"},{"taxonomy":"post_tag","embeddable":true,"href":"https:\/\/itapicurufm.com.br\/index.php\/wp-json\/wp\/v2\/tags?post=4976"}],"curies":[{"name":"wp","href":"https:\/\/api.w.org\/{rel}","templated":true}]}}