{"id":4928,"date":"2020-12-28T06:17:38","date_gmt":"2020-12-28T09:17:38","guid":{"rendered":"http:\/\/itapicurufm.com.br\/?p=4928"},"modified":"2020-12-28T06:17:39","modified_gmt":"2020-12-28T09:17:39","slug":"general-mourao-e-diagnosticado-com-coronavirus","status":"publish","type":"post","link":"https:\/\/itapicurufm.com.br\/index.php\/2020\/12\/28\/general-mourao-e-diagnosticado-com-coronavirus\/","title":{"rendered":"General Mour\u00e3o \u00e9 diagnosticado com coronav\u00edrus"},"content":{"rendered":"\n<p>O vice-presidente da Rep\u00fablica, geral Hamilton Mour\u00e3o, foi diagnosticado com coronav\u00edrus, conforme informou a assessoria de comunica\u00e7\u00e3o da Vice-Presid\u00eancia da Rep\u00fablica.<\/p>\n\n\n\n<p>Em nota, o \u00f3rg\u00e3o afirmou que o teste positivo para Covid-19 foi confirmado na tarde de hoje (27) e que Mour\u00e3o permanecer\u00e1 em isolamento na resid\u00eancia oficial do Jaburu, em Bras\u00edlia.<\/p>\n\n\n\n<p>No entanto, o comunicado n\u00e3o informa o estado de sa\u00fade do vice-presidente, que tem 67 anos e faz parte do grupo de risco da Covid-19.<\/p>\n","protected":false},"excerpt":{"rendered":"<p>O vice-presidente da Rep\u00fablica, geral Hamilton Mour\u00e3o, foi diagnosticado com coronav\u00edrus, conforme informou a assessoria de comunica\u00e7\u00e3o da Vice-Presid\u00eancia da<\/p>\n","protected":false},"author":5,"featured_media":4929,"comment_status":"open","ping_status":"closed","sticky":false,"template":"","format":"standard","meta":{"colormag_page_container_layout":"default_layout","colormag_page_sidebar_layout":"default_layout","footnotes":""},"categories":[8],"tags":[],"class_list":["post-4928","post","type-post","status-publish","format-standard","has-post-thumbnail","hentry","category-brasil"],"_links":{"self":[{"href":"https:\/\/itapicurufm.com.br\/index.php\/wp-json\/wp\/v2\/posts\/4928","targetHints":{"allow":["GET"]}}],"collection":[{"href":"https:\/\/itapicurufm.com.br\/index.php\/wp-json\/wp\/v2\/posts"}],"about":[{"href":"https:\/\/itapicurufm.com.br\/index.php\/wp-json\/wp\/v2\/types\/post"}],"author":[{"embeddable":true,"href":"https:\/\/itapicurufm.com.br\/index.php\/wp-json\/wp\/v2\/users\/5"}],"replies":[{"embeddable":true,"href":"https:\/\/itapicurufm.com.br\/index.php\/wp-json\/wp\/v2\/comments?post=4928"}],"version-history":[{"count":1,"href":"https:\/\/itapicurufm.com.br\/index.php\/wp-json\/wp\/v2\/posts\/4928\/revisions"}],"predecessor-version":[{"id":4930,"href":"https:\/\/itapicurufm.com.br\/index.php\/wp-json\/wp\/v2\/posts\/4928\/revisions\/4930"}],"wp:featuredmedia":[{"embeddable":true,"href":"https:\/\/itapicurufm.com.br\/index.php\/wp-json\/wp\/v2\/media\/4929"}],"wp:attachment":[{"href":"https:\/\/itapicurufm.com.br\/index.php\/wp-json\/wp\/v2\/media?parent=4928"}],"wp:term":[{"taxonomy":"category","embeddable":true,"href":"https:\/\/itapicurufm.com.br\/index.php\/wp-json\/wp\/v2\/categories?post=4928"},{"taxonomy":"post_tag","embeddable":true,"href":"https:\/\/itapicurufm.com.br\/index.php\/wp-json\/wp\/v2\/tags?post=4928"}],"curies":[{"name":"wp","href":"https:\/\/api.w.org\/{rel}","templated":true}]}}