{"id":4505,"date":"2020-12-01T06:06:47","date_gmt":"2020-12-01T09:06:47","guid":{"rendered":"http:\/\/itapicurufm.com.br\/?p=4505"},"modified":"2020-12-01T06:06:48","modified_gmt":"2020-12-01T09:06:48","slug":"conta-de-energia-ficara-mais-cara-a-partir-desta-terca-feira","status":"publish","type":"post","link":"https:\/\/itapicurufm.com.br\/index.php\/2020\/12\/01\/conta-de-energia-ficara-mais-cara-a-partir-desta-terca-feira\/","title":{"rendered":"Conta de energia ficar\u00e1 mais cara a partir desta ter\u00e7a-feira"},"content":{"rendered":"\n<p>A Ag\u00eancia Nacional de Energia El\u00e9trica (Aneel) decidiu nesta segunda-feira, 30, adicionar uma cobran\u00e7a extra na conta de luz dos consumidores a partir desta ter\u00e7a, 1\u00ba. Ap\u00f3s reuni\u00e3o extraordin\u00e1ria, a entidade optou por cobrar a bandeira vermelha patamar 2, que possui o maior valor no sistema de bandeiras de R$ 6,24 a cada 100 quilowatts-hora (kWh) consumidos.<\/p>\n\n\n\n<p>Em 26 de maio, a Aneel chegou a anunciar que n\u00e3o iria fazer cobran\u00e7a extra na conta de luz at\u00e9 o dia 31 de dezembro devido a pandemia do novo coronav\u00edrus. De acordo com o relator da proposta, Efrain Pereira da Cruz, o despacho de maio foi revogado porque o Brasil voltou a consumir como antes da pandemia. No entanto, conforme a Aneel, a oferta de energia ficou comprometida por causa dos baixos n\u00edveis dos reservat\u00f3rios, o que justificaria a aplica\u00e7\u00e3o da bandeira.<\/p>\n\n\n\n<p>&#8220;Essa condi\u00e7\u00e3o de oferta adversa, somada \u00e0 tend\u00eancia de recupera\u00e7\u00e3o de carga da energia aos patamares pr\u00e9-crise, s\u00e3o ind\u00edcios concretos de que o mecanismo das bandeiras j\u00e1 merece ser restabelecido e a curto prazo&#8221;, afirmou o relator, segundo informa\u00e7\u00f5es do G1.<\/p>\n","protected":false},"excerpt":{"rendered":"<p>A Ag\u00eancia Nacional de Energia El\u00e9trica (Aneel) decidiu nesta segunda-feira, 30, adicionar uma cobran\u00e7a extra na conta de luz dos<\/p>\n","protected":false},"author":5,"featured_media":4506,"comment_status":"open","ping_status":"closed","sticky":false,"template":"","format":"standard","meta":{"colormag_page_container_layout":"default_layout","colormag_page_sidebar_layout":"default_layout","footnotes":""},"categories":[1],"tags":[],"class_list":["post-4505","post","type-post","status-publish","format-standard","has-post-thumbnail","hentry","category-geral"],"_links":{"self":[{"href":"https:\/\/itapicurufm.com.br\/index.php\/wp-json\/wp\/v2\/posts\/4505","targetHints":{"allow":["GET"]}}],"collection":[{"href":"https:\/\/itapicurufm.com.br\/index.php\/wp-json\/wp\/v2\/posts"}],"about":[{"href":"https:\/\/itapicurufm.com.br\/index.php\/wp-json\/wp\/v2\/types\/post"}],"author":[{"embeddable":true,"href":"https:\/\/itapicurufm.com.br\/index.php\/wp-json\/wp\/v2\/users\/5"}],"replies":[{"embeddable":true,"href":"https:\/\/itapicurufm.com.br\/index.php\/wp-json\/wp\/v2\/comments?post=4505"}],"version-history":[{"count":1,"href":"https:\/\/itapicurufm.com.br\/index.php\/wp-json\/wp\/v2\/posts\/4505\/revisions"}],"predecessor-version":[{"id":4507,"href":"https:\/\/itapicurufm.com.br\/index.php\/wp-json\/wp\/v2\/posts\/4505\/revisions\/4507"}],"wp:featuredmedia":[{"embeddable":true,"href":"https:\/\/itapicurufm.com.br\/index.php\/wp-json\/wp\/v2\/media\/4506"}],"wp:attachment":[{"href":"https:\/\/itapicurufm.com.br\/index.php\/wp-json\/wp\/v2\/media?parent=4505"}],"wp:term":[{"taxonomy":"category","embeddable":true,"href":"https:\/\/itapicurufm.com.br\/index.php\/wp-json\/wp\/v2\/categories?post=4505"},{"taxonomy":"post_tag","embeddable":true,"href":"https:\/\/itapicurufm.com.br\/index.php\/wp-json\/wp\/v2\/tags?post=4505"}],"curies":[{"name":"wp","href":"https:\/\/api.w.org\/{rel}","templated":true}]}}