{"id":4372,"date":"2020-11-23T06:13:08","date_gmt":"2020-11-23T09:13:08","guid":{"rendered":"http:\/\/itapicurufm.com.br\/?p=4372"},"modified":"2020-11-23T06:13:10","modified_gmt":"2020-11-23T09:13:10","slug":"modelo-mirim-desaparece-no-litoral-de-sao-paulo","status":"publish","type":"post","link":"https:\/\/itapicurufm.com.br\/index.php\/2020\/11\/23\/modelo-mirim-desaparece-no-litoral-de-sao-paulo\/","title":{"rendered":"Modelo mirim desaparece no litoral de S\u00e3o Paulo"},"content":{"rendered":"\n<p>Uma modelo mirim \u00e9 considerada desaparecida desde a madrugada de s\u00e1bado (21). Emilly Dias, de 14 anos, estava na casa da fam\u00edlia em Itanha\u00e9m, no litoral de S\u00e3o Paulo.<\/p>\n\n\n\n<p>A m\u00e3e da modelo relatou ao UOL que ela e o marido acordaram por volta de 4h com o latido do cachorro da fam\u00edlia e um grito de socorro da garota. Ao levantarem, perceberam a porta da cozinha aberta com a ma\u00e7aneta no ch\u00e3o. A adolescente j\u00e1 n\u00e3o estava mais na casa.<\/p>\n\n\n\n<p>A fam\u00edlia relatou ainda que, ao correrem at\u00e9 a cal\u00e7ada, viram um carro seguindo em dire\u00e7\u00e3o \u00e0 praia. Imagens da c\u00e2mera de seguran\u00e7a de uma casa a 200 metros de onde Emilly mora mostram um carro passando pela rua e estacionando em frente \u00e0 casa da fam\u00edlia.<\/p>\n\n\n\n<p>\u201cCada minuto que passa me aperta o cora\u00e7\u00e3o, porque eu n\u00e3o sei o que pode acontecer. Se vamos encontr\u00e1-la logo, se vamos encontr\u00e1-la com vida. \u00c9 o pior momento da minha vida\u201d, disse a m\u00e3e da adolescente.<\/p>\n\n\n\n<p>A fam\u00edlia procurou a pol\u00edcia para registrar um boletim de ocorr\u00eancia, como sequestro e c\u00e1rcere privado. O Conselho Tutelar acompanha o caso.<\/p>\n\n\n\n<p>Tamb\u00e9m foram espalhados cartazes com a foto da garota e foi iniciada uma campanha nas redes sociais.(https:\/\/bahia.ba\/)<\/p>\n","protected":false},"excerpt":{"rendered":"<p>Uma modelo mirim \u00e9 considerada desaparecida desde a madrugada de s\u00e1bado (21). Emilly Dias, de 14 anos, estava na casa<\/p>\n","protected":false},"author":5,"featured_media":4373,"comment_status":"open","ping_status":"closed","sticky":false,"template":"","format":"standard","meta":{"colormag_page_container_layout":"default_layout","colormag_page_sidebar_layout":"default_layout","footnotes":""},"categories":[1],"tags":[],"class_list":["post-4372","post","type-post","status-publish","format-standard","has-post-thumbnail","hentry","category-geral"],"_links":{"self":[{"href":"https:\/\/itapicurufm.com.br\/index.php\/wp-json\/wp\/v2\/posts\/4372","targetHints":{"allow":["GET"]}}],"collection":[{"href":"https:\/\/itapicurufm.com.br\/index.php\/wp-json\/wp\/v2\/posts"}],"about":[{"href":"https:\/\/itapicurufm.com.br\/index.php\/wp-json\/wp\/v2\/types\/post"}],"author":[{"embeddable":true,"href":"https:\/\/itapicurufm.com.br\/index.php\/wp-json\/wp\/v2\/users\/5"}],"replies":[{"embeddable":true,"href":"https:\/\/itapicurufm.com.br\/index.php\/wp-json\/wp\/v2\/comments?post=4372"}],"version-history":[{"count":1,"href":"https:\/\/itapicurufm.com.br\/index.php\/wp-json\/wp\/v2\/posts\/4372\/revisions"}],"predecessor-version":[{"id":4374,"href":"https:\/\/itapicurufm.com.br\/index.php\/wp-json\/wp\/v2\/posts\/4372\/revisions\/4374"}],"wp:featuredmedia":[{"embeddable":true,"href":"https:\/\/itapicurufm.com.br\/index.php\/wp-json\/wp\/v2\/media\/4373"}],"wp:attachment":[{"href":"https:\/\/itapicurufm.com.br\/index.php\/wp-json\/wp\/v2\/media?parent=4372"}],"wp:term":[{"taxonomy":"category","embeddable":true,"href":"https:\/\/itapicurufm.com.br\/index.php\/wp-json\/wp\/v2\/categories?post=4372"},{"taxonomy":"post_tag","embeddable":true,"href":"https:\/\/itapicurufm.com.br\/index.php\/wp-json\/wp\/v2\/tags?post=4372"}],"curies":[{"name":"wp","href":"https:\/\/api.w.org\/{rel}","templated":true}]}}