{"id":3814,"date":"2020-10-05T06:17:57","date_gmt":"2020-10-05T09:17:57","guid":{"rendered":"http:\/\/itapicurufm.com.br\/?p=3814"},"modified":"2020-10-05T06:17:59","modified_gmt":"2020-10-05T09:17:59","slug":"acidente-envolvendo-moto-durante-carreata-deixa-mulher-morta-e-condutor-ferido","status":"publish","type":"post","link":"https:\/\/itapicurufm.com.br\/index.php\/2020\/10\/05\/acidente-envolvendo-moto-durante-carreata-deixa-mulher-morta-e-condutor-ferido\/","title":{"rendered":"Acidente envolvendo moto durante carreata deixa mulher morta e condutor ferido"},"content":{"rendered":"\n<p>Um grav\u00edssimo acidente na BA 411 trecho que liga o Distrito Salgad\u00e1lia a sede do munic\u00edpio de Concei\u00e7\u00e3o do Coit\u00e9 no fim da tarde deste domingo, 04, envolvendo uma motocicleta e um carro resultou na morte de uma pessoa e deixou outra ferida, ambas viajavam na moto, identificadas como Roberval da Silva, 42 anos, condutor da moto e Luzinete Cordeiro de Almeida, 29, ela estava na garupa e morreu na hora.<\/p>\n\n\n\n<div class=\"wp-block-image\"><figure class=\"aligncenter\"><img decoding=\"async\" src=\"https:\/\/www.calilanoticias.com\/wp-content\/uploads\/2020\/10\/incendio-1.jpg\" alt=\"\" class=\"wp-image-246153\"\/><\/figure><\/div>\n\n\n\n<p>Os ve\u00edculos estavam no mesmo sentido retornado em carreata de um evento do Partido do Trabalhadores (PT) em Salgad\u00e1lia quando a moto bateu no fundo de um carro e os ocupantes ca\u00edram no asfalto, a moto pegou fogo na hora. A equipe do \u00c1guia e Resgate esteve no local e prestou o socorro a \u2018Duca\u2019 como \u00e9 conhecido o condutor da moto.<\/p>\n\n\n\n<figure class=\"wp-block-image\"><img decoding=\"async\" src=\"https:\/\/www.calilanoticias.com\/wp-content\/uploads\/2020\/10\/nete.jpeg\" alt=\"\" class=\"wp-image-246154\"\/><figcaption>V\u00edtima fatal deixa uma filha<\/figcaption><\/figure>\n\n\n\n<p>Havia uma grande movimenta\u00e7\u00e3o de pessoas na sede do munic\u00edpio esperando a chegada da carreata, algumas lideran\u00e7as pol\u00edticas se dirigiram at\u00e9 o hospital para acompanhar a situa\u00e7\u00e3o de Roberval que embora tivesse at\u00e9 conversado com algumas pessoas seu estado de sa\u00fade preocupa.<\/p>\n\n\n\n<p>O vereador Bet\u00e3o, o candidato a vereador Leo do Sintracal, Claudio Resed\u00e1 um dos organizadores da carreata disseram que n\u00e3o tinha clima para continuar e esperava que as pessoas compreendessem e evitassem entrar na rua buzinando e fazendo barulho, mas alguma pessoas talvez desinformadas ainda insistiram.<\/p>\n\n\n\n<p>Nete como era conhecida a v\u00edtima fatal deixa um filho de 10 anos.<\/p>\n\n\n\n<p>Veja a imagem da moto em chamas<\/p>\n\n\n\n<figure class=\"wp-block-embed-youtube wp-block-embed is-type-video is-provider-youtube wp-embed-aspect-16-9 wp-has-aspect-ratio\"><div class=\"wp-block-embed__wrapper\">\n<iframe loading=\"lazy\" title=\"ACIDENTE NA ESTRADA DE SALGAD\u00c1LIA\" width=\"800\" height=\"450\" src=\"https:\/\/www.youtube.com\/embed\/LZ5a32jkmTM?feature=oembed\" frameborder=\"0\" allow=\"accelerometer; autoplay; clipboard-write; encrypted-media; gyroscope; picture-in-picture\" allowfullscreen><\/iframe>\n<\/div><\/figure>\n\n\n\n<p>(https:\/\/www.calilanoticias.com\/)<\/p>\n","protected":false},"excerpt":{"rendered":"<p>Um grav\u00edssimo acidente na BA 411 trecho que liga o Distrito Salgad\u00e1lia a sede do munic\u00edpio de Concei\u00e7\u00e3o do Coit\u00e9<\/p>\n","protected":false},"author":5,"featured_media":3815,"comment_status":"open","ping_status":"closed","sticky":false,"template":"","format":"standard","meta":{"colormag_page_container_layout":"default_layout","colormag_page_sidebar_layout":"default_layout","footnotes":""},"categories":[1],"tags":[],"class_list":["post-3814","post","type-post","status-publish","format-standard","has-post-thumbnail","hentry","category-geral"],"_links":{"self":[{"href":"https:\/\/itapicurufm.com.br\/index.php\/wp-json\/wp\/v2\/posts\/3814","targetHints":{"allow":["GET"]}}],"collection":[{"href":"https:\/\/itapicurufm.com.br\/index.php\/wp-json\/wp\/v2\/posts"}],"about":[{"href":"https:\/\/itapicurufm.com.br\/index.php\/wp-json\/wp\/v2\/types\/post"}],"author":[{"embeddable":true,"href":"https:\/\/itapicurufm.com.br\/index.php\/wp-json\/wp\/v2\/users\/5"}],"replies":[{"embeddable":true,"href":"https:\/\/itapicurufm.com.br\/index.php\/wp-json\/wp\/v2\/comments?post=3814"}],"version-history":[{"count":1,"href":"https:\/\/itapicurufm.com.br\/index.php\/wp-json\/wp\/v2\/posts\/3814\/revisions"}],"predecessor-version":[{"id":3816,"href":"https:\/\/itapicurufm.com.br\/index.php\/wp-json\/wp\/v2\/posts\/3814\/revisions\/3816"}],"wp:featuredmedia":[{"embeddable":true,"href":"https:\/\/itapicurufm.com.br\/index.php\/wp-json\/wp\/v2\/media\/3815"}],"wp:attachment":[{"href":"https:\/\/itapicurufm.com.br\/index.php\/wp-json\/wp\/v2\/media?parent=3814"}],"wp:term":[{"taxonomy":"category","embeddable":true,"href":"https:\/\/itapicurufm.com.br\/index.php\/wp-json\/wp\/v2\/categories?post=3814"},{"taxonomy":"post_tag","embeddable":true,"href":"https:\/\/itapicurufm.com.br\/index.php\/wp-json\/wp\/v2\/tags?post=3814"}],"curies":[{"name":"wp","href":"https:\/\/api.w.org\/{rel}","templated":true}]}}