{"id":3722,"date":"2020-09-27T06:26:37","date_gmt":"2020-09-27T09:26:37","guid":{"rendered":"http:\/\/itapicurufm.com.br\/?p=3722"},"modified":"2020-09-27T06:26:40","modified_gmt":"2020-09-27T09:26:40","slug":"dada-a-largada-confira-regras-para-candidatos-e-eleitores-a-partir-deste-domingo","status":"publish","type":"post","link":"https:\/\/itapicurufm.com.br\/index.php\/2020\/09\/27\/dada-a-largada-confira-regras-para-candidatos-e-eleitores-a-partir-deste-domingo\/","title":{"rendered":"Dada a largada: Confira regras para candidatos e eleitores a partir deste domingo"},"content":{"rendered":"\n<p>Por conta da pandemia do novo coronav\u00edrus, o Congresso Nacional aprovou uma Emenda Constitucional que alterou as datas da realiza\u00e7\u00e3o da elei\u00e7\u00e3o neste ano. Anteriormente marcados para 4 e 25 de outubro, as datas do primeiro e segundo turno, respectivamente, foram mudadas para 15 e 29 de novembro.&nbsp;<\/p>\n\n\n\n<p>Al\u00e9m da mudan\u00e7a de datas, o Tribunal Superior Eleitoral (TSE) excluiu necessidade de biometria, estendeu o hor\u00e1rio de vota\u00e7\u00e3o (das 7h \u00e0s 17h), cada se\u00e7\u00e3o eleitoral ter\u00e1 \u00e1lcool gel, o uso de m\u00e1scaras ser\u00e1 obrigat\u00f3rio e mes\u00e1rios estar\u00e3o com protetores faciais e m\u00e1scaras.<\/p>\n\n\n\n<p><strong>Veja abaixo quais regras valer\u00e3o para as elei\u00e7\u00f5es municipais de 2020<\/strong><\/p>\n\n\n\n<p><strong>Cargos em disputa:<\/strong> Prefeito, vice-prefeito e vereador<\/p>\n\n\n\n<p><strong>Data da elei\u00e7\u00e3o:<\/strong><\/p>\n\n\n\n<p><strong>Primeiro turno-<\/strong> 15 de novembro [15\/11]<\/p>\n\n\n\n<p><strong>Segundo turno (onde houver necessidade)-<\/strong> 29 de novembro [29\/11]<\/p>\n\n\n\n<p><strong>Candidaturas:<\/strong><\/p>\n\n\n\n<p>A idade m\u00ednima para se eleger prefeito ou vice-prefeito \u00e9 de 21 anos e de 18 anos para vereador. Cada partido dever\u00e1 reservar a cota m\u00ednima de 30% para mulheres ou homens filiados concorrerem na elei\u00e7\u00e3o.<\/p>\n\n\n\n<p><strong>Coliga\u00e7\u00f5es:<\/strong><\/p>\n\n\n\n<p><strong><em>Candidatos a prefeito:<\/em><\/strong> Est\u00e1 liberado a forma\u00e7\u00e3o de coliga\u00e7\u00e3o para disputa majorit\u00e1ria<\/p>\n\n\n\n<p><strong><em>Candidatos a vereador:<\/em><\/strong> Est\u00e1 vedada a forma\u00e7\u00e3o de coliga\u00e7\u00f5es para as elei\u00e7\u00f5es proporcionais<\/p>\n\n\n\n<p><strong>Financiamento da campanha:<\/strong><\/p>\n\n\n\n<p>O limite das despesas das campanhas variam conforme o cargo, a cidade e o turno da elei\u00e7\u00e3o [usaremos como base os valores para o pleito em Salvador]. O candidato que ultrapassar o limite estar\u00e1 sujeito \u00e0 multa e poder\u00e1 responder por abuso do poder econ\u00f4mico.<\/p>\n\n\n\n<p><strong><em>Candidato a prefeito em Salvador:<\/em><\/strong> O limite legal de gastos no 1\u00ba turno \u00e9 de R$ 16.722.661,99. Para o&nbsp;&nbsp;2\u00ba turno, o limite \u00e9 de R$ 6.689.064,80.<\/p>\n\n\n\n<p><em><strong>Candidato a vereador em Salvador:<\/strong><\/em> O limite legal de gastos \u00e9 R$ 451.919,94.<\/p>\n\n\n\n<p><a href=\"http:\/\/divulgacandcontas.tse.jus.br\/divulga\/#\/estados\/2020\/2030402020\/BA\/municipios\" target=\"_blank\" rel=\"noreferrer noopener\"><em>Clique aqui para checar o valor em outros munic\u00edpios<\/em><\/a><\/p>\n\n\n\n<p><strong><em>Autofinanciamento:<\/em><\/strong> O candidato poder\u00e1 usar recursos pr\u00f3prios para se autofinanciar em at\u00e9 10% do limite de gastos para o cargo.<\/p>\n\n\n\n<p><strong><em>Doa\u00e7\u00f5es:<\/em><\/strong> As doa\u00e7\u00f5es para campanhas eleitorais s\u00f3 poder\u00e3o ser feita por pessoas f\u00edsicas e s\u00e3o limitadas&nbsp;a 10% da renda bruta do doador no ano de 2019.<\/p>\n\n\n\n<p><strong><em>&#8220;Vaquinha&#8221; online: <\/em><\/strong>Os candidatos poder\u00e3o fazer arrecada\u00e7\u00e3o de recursos pela internet, por meio de cart\u00e3o de cr\u00e9dito ou de d\u00e9bito. O doador ser\u00e1 identificado pelo nome e pelo CPF e para cada doa\u00e7\u00e3o realizada, ser\u00e1 emitido um recibo eleitoral.<\/p>\n\n\n\n<p><strong>Propaganda eleitoral:<\/strong><\/p>\n\n\n\n<p>A campanha inicia, oficialmente, neste domingo (27). A partir de domingo a propagando eleitoral est\u00e1 liberada, inclusive na internet. Al\u00e9m da propaganda eleitoral, as tradicionais caminhadas e carreatas de apoio est\u00e3o liberadas de 27 de setembro at\u00e9 as 22h de 14 de novembro.<\/p>\n\n\n\n<p>As caminhadas e\/ou carreatas podem ou n\u00e3o ser acompanhadas por carro de som ou minitrio. Poder\u00e1 haver tamb\u00e9m a distribui\u00e7\u00e3o de material gr\u00e1fico durante o per\u00edodo.<\/p>\n\n\n\n<p>Somente partidos, coliga\u00e7\u00f5es ou candidatos podem fazer impulsionamento de conte\u00fado nas redes sociais.&nbsp;&nbsp;N\u00e3o \u00e9 permitido tamb\u00e9m contratar impulsionamento para propaganda negativa de advers\u00e1rios. Tamb\u00e9m \u00e9 proibido que candidatos, eleitores e partidos contratem servi\u00e7os de dispara em massa.<\/p>\n\n\n\n<p>Vale destacar que \u00e9 crime a contrata\u00e7\u00e3o direta ou indireta de grupo de pessoas para enviar mensagens ou fazer coment\u00e1rios na internet para ofender a honra ou a imagem de candidato, partido ou coliga\u00e7\u00e3o.<\/p>\n\n\n\n<p>S\u00e3o permitidas, de 27 de setembro at\u00e9 a antev\u00e9spera das elei\u00e7\u00f5es (dia 13 de novembro), a divulga\u00e7\u00e3o paga, na imprensa escrita, e a reprodu\u00e7\u00e3o na internet do jornal impresso.<\/p>\n\n\n\n<p><em><strong>Telemarketing:<\/strong><\/em><\/p>\n\n\n\n<p>\u00c9 proibida a realiza\u00e7\u00e3o de propaganda via telemarketing em qualquer hor\u00e1rio, bem como por meio de disparo em massa de mensagens instant\u00e2neas sem pr\u00e9via aprova\u00e7\u00e3o do destinat\u00e1rio.<\/p>\n\n\n\n<p><em><strong>Propaganda eleitoral gratuita TV e r\u00e1dio:<\/strong><\/em><\/p>\n\n\n\n<p>A propaganda eleitoral gratuita no r\u00e1dio e na televis\u00e3o referente ao primeiro turno ser\u00e1 veiculada de 9 de outubro a 12 de novembro. \u00c9 proibido qualquer tipo de propaganda eleitoral paga no r\u00e1dio e na televis\u00e3o. Na propaganda eleitoral de TV e r\u00e1dio, n\u00e3o podem ser usados efeitos especiais, montagens, computa\u00e7\u00e3o gr\u00e1fica e desenhos animados.<\/p>\n\n\n\n<p><em><strong>Propaganda na rua:<\/strong><\/em><\/p>\n\n\n\n<p>\u00c9 permitido colocar bandeiras na rua, desde que n\u00e3o atrapalhem o tr\u00e2nsito de pessoas e ve\u00edculos, no per\u00edodo entre 6h e 22h. Tamb\u00e9m \u00e9 permitido colar adesivo (de 50 cm x 50 cm) em carros, motos, caminh\u00f5es, bicicletas e janelas residenciais.<\/p>\n\n\n\n<p>\u00c9 permitido a contrata\u00e7\u00e3o de cabo eleitoral, mas \u00e9 necess\u00e1rios respeitar alguns crit\u00e9rios conforme o n\u00famero de eleitores na cidade.&nbsp;<\/p>\n\n\n\n<p>\u00c9 proibido fazer propaganda de qualquer natureza (incluindo pinturas, placas, faixas, cavaletes e bonecos) em locais como cinemas, clubes, lojas, centros comerciais, templos, gin\u00e1sios e est\u00e1dios, ainda que de propriedade privada. A proibi\u00e7\u00e3o se estende a postes de ilumina\u00e7\u00e3o p\u00fablica, sinaliza\u00e7\u00e3o de tr\u00e1fego, viadutos, passarelas, pontes e paradas de \u00f4nibus, \u00e1rvores, muros e cercas. \u00c9 vedada a propaganda eleitoral em outdoors, inclusive eletr\u00f4nicos.<\/p>\n\n\n\n<p>\u00c9 vedado a pr\u00e1tica de envelopar o carro com propaganda eleitoral. O m\u00e1ximo que pode ser feito \u00e9 a coloca\u00e7\u00e3o de adesivo no para-brisa traseiro, desde que o adesivo seja microperfurado, ou colocar em outras posi\u00e7\u00f5es adesivos que n\u00e3o passem de meio metro quadrado.<\/p>\n\n\n\n<p>\u00c9 proibido a distribui\u00e7\u00e3o de brindes durante a campanha eleitoral. O candidato e\/ou seu comit\u00ea n\u00e3o podem confeccionar e distribuir aos eleitores camisetas, chaveiros, bon\u00e9s, canetas, brindes, cestas b\u00e1sicas ou outros bens.<\/p>\n\n\n\n<p><em><strong>Com\u00edcios:<\/strong><\/em><\/p>\n\n\n\n<p>A realiza\u00e7\u00e3o de com\u00edcios e o uso de aparelhos de som ser\u00e3o permitidos de 27 de setembro a 12 de novembro entre 8h e a meia-noite, exceto o com\u00edcio de encerramento da campanha, que poder\u00e1 prosseguir at\u00e9 as 2h da manh\u00e3.<\/p>\n\n\n\n<p>\u00c9 proibido o uso de trios el\u00e9tricos em campanhas, exceto para a sonoriza\u00e7\u00e3o de com\u00edcios. A circula\u00e7\u00e3o de carros de som e minitrios \u00e9 permitida em com\u00edcios, passeatas, carreatas e caminhadas, mas desde que observado o limite de 80 decib\u00e9is, quando medido a sete metros de dist\u00e2ncia do ve\u00edculo.<\/p>\n\n\n\n<p>\u00c9 proibido a realiza\u00e7\u00e3o de showm\u00edcios, ou seja, a apresenta\u00e7\u00e3o de artistas, seja remunerada ou n\u00e3o, com a finalidade de animar com\u00edcio e reuni\u00e3o eleitoral.<\/p>\n\n\n\n<p><br><em><strong>Eleitor:<\/strong><\/em><\/p>\n\n\n\n<p>\u00c9 permitido a qualquer tempo o uso pelo eleitor de bandeiras, broches, adesivos, camisetas e outros adornos semelhantes como forma de manifestar prefer\u00eancia por partido pol\u00edtico ou candidato. No dia da elei\u00e7\u00e3o, est\u00e3o permitidas manifesta\u00e7\u00f5es individuais e silenciosas da prefer\u00eancia do eleitor pelo uso de camisetas, bandeiras, broches e adesivos.<\/p>\n\n\n\n<p>A partir de 10 de novembro, nenhum eleito poder\u00e1 ser preso ou detido, salvo em flagrante delito, ou por conta de senten\u00e7a criminal condenat\u00f3ria por crime inafian\u00e7\u00e1vel, ou por desrespeito a salvo-conduto.<\/p>\n\n\n\n<p>No dia da elei\u00e7\u00e3o, o uso de m\u00e1scara ser\u00e1 obrigat\u00f3rio, quem chegar ao local de vota\u00e7\u00e3o sem m\u00e1scara poder\u00e1 ser barrado. O TSE recomenda aos eleitores que levem a pr\u00f3pria caneta para assinar o caderno de vota\u00e7\u00f5es e que o eleitor permane\u00e7a pelo tempo m\u00ednimo necess\u00e1rio na se\u00e7\u00e3o.<\/p>\n\n\n\n<p><strong><em>V\u00e9spera da elei\u00e7\u00e3o:<\/em><\/strong><\/p>\n\n\n\n<p>At\u00e9 as 22h de 14 de novembro, pode haver distribui\u00e7\u00e3o de material gr\u00e1fico, caminhada, carreata, passeata ou carro de som.<\/p>\n\n\n\n<p>Vale lembrar que jogar material de propaganda no ch\u00e3o no local de vota\u00e7\u00e3o ou em vias pr\u00f3ximas, \u00e9 tido como propaganda irregular, sujeitando-se o infrator a multa. O candidato beneficiado que tiver conhecimento da pr\u00e1tica tamb\u00e9m poder\u00e1 ser punido.<\/p>\n\n\n\n<p><em><strong>Dia da elei\u00e7\u00e3o:<\/strong><\/em><\/p>\n\n\n\n<p>Constituem crime, no dia da elei\u00e7\u00e3o, o uso de alto-falantes e amplificadores de som ou a promo\u00e7\u00e3o de com\u00edcio ou carreata; arregimenta\u00e7\u00e3o de eleitor ou a propaganda de boca de urna; divulga\u00e7\u00e3o de qualquer esp\u00e9cie de propaganda de partidos pol\u00edticos ou de seus candidatos; publica\u00e7\u00e3o de novos conte\u00fados ou o impulsionamento de conte\u00fados nas aplica\u00e7\u00f5es de internet (podendo ser mantidos em funcionamento as aplica\u00e7\u00f5es e os conte\u00fados publicados anteriormente). Al\u00e9m disso \u00e9 proibida a aglomera\u00e7\u00e3o de pessoas com roupas padronizadas at\u00e9 o t\u00e9rmino do hor\u00e1rio de vota\u00e7\u00e3o(Bnews.com.br)<\/p>\n","protected":false},"excerpt":{"rendered":"<p>Por conta da pandemia do novo coronav\u00edrus, o Congresso Nacional aprovou uma Emenda Constitucional que alterou as datas da realiza\u00e7\u00e3o<\/p>\n","protected":false},"author":4,"featured_media":3723,"comment_status":"open","ping_status":"closed","sticky":false,"template":"","format":"standard","meta":{"colormag_page_container_layout":"default_layout","colormag_page_sidebar_layout":"default_layout","footnotes":""},"categories":[1],"tags":[],"class_list":["post-3722","post","type-post","status-publish","format-standard","has-post-thumbnail","hentry","category-geral"],"_links":{"self":[{"href":"https:\/\/itapicurufm.com.br\/index.php\/wp-json\/wp\/v2\/posts\/3722","targetHints":{"allow":["GET"]}}],"collection":[{"href":"https:\/\/itapicurufm.com.br\/index.php\/wp-json\/wp\/v2\/posts"}],"about":[{"href":"https:\/\/itapicurufm.com.br\/index.php\/wp-json\/wp\/v2\/types\/post"}],"author":[{"embeddable":true,"href":"https:\/\/itapicurufm.com.br\/index.php\/wp-json\/wp\/v2\/users\/4"}],"replies":[{"embeddable":true,"href":"https:\/\/itapicurufm.com.br\/index.php\/wp-json\/wp\/v2\/comments?post=3722"}],"version-history":[{"count":1,"href":"https:\/\/itapicurufm.com.br\/index.php\/wp-json\/wp\/v2\/posts\/3722\/revisions"}],"predecessor-version":[{"id":3724,"href":"https:\/\/itapicurufm.com.br\/index.php\/wp-json\/wp\/v2\/posts\/3722\/revisions\/3724"}],"wp:featuredmedia":[{"embeddable":true,"href":"https:\/\/itapicurufm.com.br\/index.php\/wp-json\/wp\/v2\/media\/3723"}],"wp:attachment":[{"href":"https:\/\/itapicurufm.com.br\/index.php\/wp-json\/wp\/v2\/media?parent=3722"}],"wp:term":[{"taxonomy":"category","embeddable":true,"href":"https:\/\/itapicurufm.com.br\/index.php\/wp-json\/wp\/v2\/categories?post=3722"},{"taxonomy":"post_tag","embeddable":true,"href":"https:\/\/itapicurufm.com.br\/index.php\/wp-json\/wp\/v2\/tags?post=3722"}],"curies":[{"name":"wp","href":"https:\/\/api.w.org\/{rel}","templated":true}]}}