{"id":328,"date":"2020-05-07T06:17:42","date_gmt":"2020-05-07T09:17:42","guid":{"rendered":"http:\/\/itapicurufm.com.br\/?p=328"},"modified":"2020-05-07T06:17:44","modified_gmt":"2020-05-07T09:17:44","slug":"crianca-com-tres-anos-de-itabuna-morre-de-covid-19","status":"publish","type":"post","link":"https:\/\/itapicurufm.com.br\/index.php\/2020\/05\/07\/crianca-com-tres-anos-de-itabuna-morre-de-covid-19\/","title":{"rendered":"Crian\u00e7a com tr\u00eas anos de Itabuna morre de COVID-19"},"content":{"rendered":"\n<p><br>Uma crian\u00e7a de tr\u00eas anos, de Itabuna, est\u00e1 entre as v\u00edtimas fatais da COVID-19 no Estado da Bahia. O menino, que morreu em Salvador, na segunda-feira (4), tinha hist\u00f3rico de doen\u00e7a hematol\u00f3gica cr\u00f4nica e estava internado no Hospital S\u00e3o Rafael. De acordo com informa\u00e7\u00f5es do site Verdinho Itabuna, o clima de como\u00e7\u00e3o foi grande em fun\u00e7\u00e3o da morte da crian\u00e7a, que j\u00e1 lutava h\u00e1 algum tempo contra o problema de sa\u00fade. Os familiares receberam na noite de ter\u00e7a-feira (5), uma homenagem de amigos.<\/p>\n","protected":false},"excerpt":{"rendered":"<p>Uma crian\u00e7a de tr\u00eas anos, de Itabuna, est\u00e1 entre as v\u00edtimas fatais da COVID-19 no Estado da Bahia. O menino,<\/p>\n","protected":false},"author":4,"featured_media":329,"comment_status":"open","ping_status":"closed","sticky":false,"template":"","format":"standard","meta":{"colormag_page_container_layout":"default_layout","colormag_page_sidebar_layout":"default_layout","footnotes":""},"categories":[1],"tags":[],"class_list":["post-328","post","type-post","status-publish","format-standard","has-post-thumbnail","hentry","category-geral"],"_links":{"self":[{"href":"https:\/\/itapicurufm.com.br\/index.php\/wp-json\/wp\/v2\/posts\/328","targetHints":{"allow":["GET"]}}],"collection":[{"href":"https:\/\/itapicurufm.com.br\/index.php\/wp-json\/wp\/v2\/posts"}],"about":[{"href":"https:\/\/itapicurufm.com.br\/index.php\/wp-json\/wp\/v2\/types\/post"}],"author":[{"embeddable":true,"href":"https:\/\/itapicurufm.com.br\/index.php\/wp-json\/wp\/v2\/users\/4"}],"replies":[{"embeddable":true,"href":"https:\/\/itapicurufm.com.br\/index.php\/wp-json\/wp\/v2\/comments?post=328"}],"version-history":[{"count":1,"href":"https:\/\/itapicurufm.com.br\/index.php\/wp-json\/wp\/v2\/posts\/328\/revisions"}],"predecessor-version":[{"id":330,"href":"https:\/\/itapicurufm.com.br\/index.php\/wp-json\/wp\/v2\/posts\/328\/revisions\/330"}],"wp:featuredmedia":[{"embeddable":true,"href":"https:\/\/itapicurufm.com.br\/index.php\/wp-json\/wp\/v2\/media\/329"}],"wp:attachment":[{"href":"https:\/\/itapicurufm.com.br\/index.php\/wp-json\/wp\/v2\/media?parent=328"}],"wp:term":[{"taxonomy":"category","embeddable":true,"href":"https:\/\/itapicurufm.com.br\/index.php\/wp-json\/wp\/v2\/categories?post=328"},{"taxonomy":"post_tag","embeddable":true,"href":"https:\/\/itapicurufm.com.br\/index.php\/wp-json\/wp\/v2\/tags?post=328"}],"curies":[{"name":"wp","href":"https:\/\/api.w.org\/{rel}","templated":true}]}}