{"id":3163,"date":"2020-08-28T15:22:23","date_gmt":"2020-08-28T18:22:23","guid":{"rendered":"http:\/\/itapicurufm.com.br\/?p=3163"},"modified":"2020-08-28T15:22:26","modified_gmt":"2020-08-28T18:22:26","slug":"mpf-diz-que-governador-do-rio-e-o-lider-de-uma-organizacao-criminosa-sofisticada","status":"publish","type":"post","link":"https:\/\/itapicurufm.com.br\/index.php\/2020\/08\/28\/mpf-diz-que-governador-do-rio-e-o-lider-de-uma-organizacao-criminosa-sofisticada\/","title":{"rendered":"MPF diz que governador do Rio \u00e9 o l\u00edder de uma organiza\u00e7\u00e3o criminosa sofisticada"},"content":{"rendered":"\n<p>O Minist\u00e9rio P\u00fablico Federal (MPF) afirmou que o governador do Rio de Janeiro, Wilson Witzel, \u00e9 o l\u00edder de uma sofisticada organiza\u00e7\u00e3o criminosa, que atua no estado e \u00e9 formada por tr\u00eas grupos.<\/p>\n\n\n\n<p>Os l\u00edderes dos grupos, segundo o MPF, eram o empres\u00e1rio Mario Peixoto, preso na Opera\u00e7\u00e3o Favorito, em maio, pelo presidente nacional do PSC, Everaldo Dias Pereira, o pastor Everaldo, preso na opera\u00e7\u00e3o desta sexta-feira, e pelo empres\u00e1rio Jos\u00e9 Carlos de Melo, pr\u00f3-reitor administrativo da Universidade Igua\u00e7u (Unig)<\/p>\n\n\n\n<p>A defini\u00e7\u00e3o foi encaminhada ao Superior Tribunal de Justi\u00e7a pelos promotores do MPF. Segundo o documento, Witzel repetiu o esquema praticado pelos dois governadores anteriores, S\u00e9rgio Cabral e Luiz Fernando Pez\u00e3o, presos em 2016 e 2018, respectivamente.<\/p>\n\n\n\n<p>Segundo os promotores do MPF, o escrit\u00f3rio de advocacia de Helena Witzel, primeira-dama do Rio, foi utilizado para \u201cescamotear o pagamento de vantagens indevidas ao Governador, por meio de contratos firmados com pelo menos quatro entidades de sa\u00fade ligadas a membros da organiza\u00e7\u00e3o criminosa\u201d.<\/p>\n\n\n\n<p>Segundo relat\u00f3rio da Unidade de Intelig\u00eancia Financeira (UIF), antigo Coaf, foram constatados recebimentos indevidos de R$ 554.236,50 entre agosto de 2019 e maio deste ano.<\/p>\n\n\n\n<p>Ap\u00f3s o afastamento do governo, Wilson Witzel afirmou que a a\u00e7\u00e3o desta sexta-feira (28) foram de \u201cbusca e decep\u00e7\u00e3o\u201d, pois, segundo ele, n\u00e3o foi encontrado \u201cum real, uma joia, simplesmente mais um circo sendo realizado\u201d.<\/p>\n\n\n\n<p>Segundo Witzel, a gest\u00e3o investiu R$ 7 bilh\u00f5es na sa\u00fade do estado antes da pandemia e ajudou os munic\u00edpios a se equiparem. Disse tamb\u00e9m que a quest\u00e3o jur\u00eddica que embasa seu afastamento \u00e9 \u201cdelicada\u201d, j\u00e1 que ele nega ter praticado qualquer ato para interferir nas investiga\u00e7\u00f5es.<\/p>\n\n\n\n<p><strong>Reda\u00e7\u00e3o: Varela Not\u00edcias<\/strong><\/p>\n","protected":false},"excerpt":{"rendered":"<p>O Minist\u00e9rio P\u00fablico Federal (MPF) afirmou que o governador do Rio de Janeiro, Wilson Witzel, \u00e9 o l\u00edder de uma<\/p>\n","protected":false},"author":4,"featured_media":3164,"comment_status":"open","ping_status":"closed","sticky":false,"template":"","format":"standard","meta":{"colormag_page_container_layout":"default_layout","colormag_page_sidebar_layout":"default_layout","footnotes":""},"categories":[8],"tags":[],"class_list":["post-3163","post","type-post","status-publish","format-standard","has-post-thumbnail","hentry","category-brasil"],"_links":{"self":[{"href":"https:\/\/itapicurufm.com.br\/index.php\/wp-json\/wp\/v2\/posts\/3163","targetHints":{"allow":["GET"]}}],"collection":[{"href":"https:\/\/itapicurufm.com.br\/index.php\/wp-json\/wp\/v2\/posts"}],"about":[{"href":"https:\/\/itapicurufm.com.br\/index.php\/wp-json\/wp\/v2\/types\/post"}],"author":[{"embeddable":true,"href":"https:\/\/itapicurufm.com.br\/index.php\/wp-json\/wp\/v2\/users\/4"}],"replies":[{"embeddable":true,"href":"https:\/\/itapicurufm.com.br\/index.php\/wp-json\/wp\/v2\/comments?post=3163"}],"version-history":[{"count":1,"href":"https:\/\/itapicurufm.com.br\/index.php\/wp-json\/wp\/v2\/posts\/3163\/revisions"}],"predecessor-version":[{"id":3165,"href":"https:\/\/itapicurufm.com.br\/index.php\/wp-json\/wp\/v2\/posts\/3163\/revisions\/3165"}],"wp:featuredmedia":[{"embeddable":true,"href":"https:\/\/itapicurufm.com.br\/index.php\/wp-json\/wp\/v2\/media\/3164"}],"wp:attachment":[{"href":"https:\/\/itapicurufm.com.br\/index.php\/wp-json\/wp\/v2\/media?parent=3163"}],"wp:term":[{"taxonomy":"category","embeddable":true,"href":"https:\/\/itapicurufm.com.br\/index.php\/wp-json\/wp\/v2\/categories?post=3163"},{"taxonomy":"post_tag","embeddable":true,"href":"https:\/\/itapicurufm.com.br\/index.php\/wp-json\/wp\/v2\/tags?post=3163"}],"curies":[{"name":"wp","href":"https:\/\/api.w.org\/{rel}","templated":true}]}}