{"id":2580,"date":"2020-08-03T18:31:33","date_gmt":"2020-08-03T21:31:33","guid":{"rendered":"http:\/\/itapicurufm.com.br\/?p=2580"},"modified":"2020-08-03T18:31:34","modified_gmt":"2020-08-03T21:31:34","slug":"energia-eletrica-de-inadimplentes-pode-ser-cortada-a-partir-de-hoje","status":"publish","type":"post","link":"https:\/\/itapicurufm.com.br\/index.php\/2020\/08\/03\/energia-eletrica-de-inadimplentes-pode-ser-cortada-a-partir-de-hoje\/","title":{"rendered":"Energia el\u00e9trica de inadimplentes pode ser cortada a partir de hoje"},"content":{"rendered":"\n<p>A energia el\u00e9trica dos consumidores inadimplentes pode voltar a ser cortada a partir desta segunda-feira, 3, desde que os consumidores sejam avisados. As interrup\u00e7\u00f5es estavam suspensas por determina\u00e7\u00e3o da Ag\u00eancia Nacional de Energia El\u00e9trica (Aneel) desde o dia 24 de mar\u00e7o.<\/p>\n\n\n\n<p>Como o prazo final para a isen\u00e7\u00e3o ocorreu no s\u00e1bado, 1, os cortes s\u00f3 est\u00e3o autorizados a acontecer a partir desta segunda-feira porque o desligamento de servi\u00e7os p\u00fablicos n\u00e3o pode acontecer nas sextas-feiras, s\u00e1bados, domingos e feriados.<\/p>\n\n\n\n<p><strong>Baixa renda<\/strong><\/p>\n\n\n\n<p>Segundo a Aneel, enquanto durar o estado de emerg\u00eancia da pandemia, continua proibido o corte para alguns grupos de consumidores. Conforme o Decreto Legislativo n\u00ba 6\/2020, esse prazo atualmente vai at\u00e9 o final de 2020. Neste grupo est\u00e3o consumidores de baixa renda; unidades onde more pessoa que dependa de equipamentos el\u00e9tricos essenciais \u00e0 preserva\u00e7\u00e3o da vida; unidades que deixaram de receber a fatura impressa sem autoriza\u00e7\u00e3o do consumidor, al\u00e9m daquelas cobradas em locais sem postos de arrecada\u00e7\u00e3o em funcionamento como bancos e lot\u00e9ricas, por exemplo, ou nos quais a circula\u00e7\u00e3o de pessoas seja restringida por ato do poder p\u00fablico.<\/p>\n","protected":false},"excerpt":{"rendered":"<p>A energia el\u00e9trica dos consumidores inadimplentes pode voltar a ser cortada a partir desta segunda-feira, 3, desde que os consumidores<\/p>\n","protected":false},"author":4,"featured_media":2581,"comment_status":"open","ping_status":"closed","sticky":false,"template":"","format":"standard","meta":{"colormag_page_container_layout":"default_layout","colormag_page_sidebar_layout":"default_layout","footnotes":""},"categories":[8],"tags":[],"class_list":["post-2580","post","type-post","status-publish","format-standard","has-post-thumbnail","hentry","category-brasil"],"_links":{"self":[{"href":"https:\/\/itapicurufm.com.br\/index.php\/wp-json\/wp\/v2\/posts\/2580","targetHints":{"allow":["GET"]}}],"collection":[{"href":"https:\/\/itapicurufm.com.br\/index.php\/wp-json\/wp\/v2\/posts"}],"about":[{"href":"https:\/\/itapicurufm.com.br\/index.php\/wp-json\/wp\/v2\/types\/post"}],"author":[{"embeddable":true,"href":"https:\/\/itapicurufm.com.br\/index.php\/wp-json\/wp\/v2\/users\/4"}],"replies":[{"embeddable":true,"href":"https:\/\/itapicurufm.com.br\/index.php\/wp-json\/wp\/v2\/comments?post=2580"}],"version-history":[{"count":1,"href":"https:\/\/itapicurufm.com.br\/index.php\/wp-json\/wp\/v2\/posts\/2580\/revisions"}],"predecessor-version":[{"id":2582,"href":"https:\/\/itapicurufm.com.br\/index.php\/wp-json\/wp\/v2\/posts\/2580\/revisions\/2582"}],"wp:featuredmedia":[{"embeddable":true,"href":"https:\/\/itapicurufm.com.br\/index.php\/wp-json\/wp\/v2\/media\/2581"}],"wp:attachment":[{"href":"https:\/\/itapicurufm.com.br\/index.php\/wp-json\/wp\/v2\/media?parent=2580"}],"wp:term":[{"taxonomy":"category","embeddable":true,"href":"https:\/\/itapicurufm.com.br\/index.php\/wp-json\/wp\/v2\/categories?post=2580"},{"taxonomy":"post_tag","embeddable":true,"href":"https:\/\/itapicurufm.com.br\/index.php\/wp-json\/wp\/v2\/tags?post=2580"}],"curies":[{"name":"wp","href":"https:\/\/api.w.org\/{rel}","templated":true}]}}