{"id":217,"date":"2020-05-03T15:34:08","date_gmt":"2020-05-03T18:34:08","guid":{"rendered":"https:\/\/itapicurufm.com.br\/?p=217"},"modified":"2020-05-03T18:38:34","modified_gmt":"2020-05-03T21:38:34","slug":"festa-com-aglomeracao-em-eunapolis-termina-em-tiroteio-e-morte","status":"publish","type":"post","link":"https:\/\/itapicurufm.com.br\/index.php\/2020\/05\/03\/festa-com-aglomeracao-em-eunapolis-termina-em-tiroteio-e-morte\/","title":{"rendered":"Festa com aglomera\u00e7\u00e3o em Eun\u00e1polis termina em tiroteio e morte"},"content":{"rendered":"\n<figure class=\"wp-block-gallery columns-1 is-cropped wp-block-gallery-1 is-layout-flex wp-block-gallery-is-layout-flex\"><ul class=\"blocks-gallery-grid\"><li class=\"blocks-gallery-item\"><figure><img loading=\"lazy\" decoding=\"async\" width=\"750\" height=\"417\" src=\"https:\/\/itapicurufm.com.br\/wp-content\/uploads\/2020\/05\/750_tiroteio-eunapolis-aglomeracao_20205312743573.jpg\" alt=\"\" data-id=\"218\" data-full-url=\"https:\/\/itapicurufm.com.br\/wp-content\/uploads\/2020\/05\/750_tiroteio-eunapolis-aglomeracao_20205312743573.jpg\" data-link=\"https:\/\/itapicurufm.com.br\/?attachment_id=218\" class=\"wp-image-218\" srcset=\"https:\/\/itapicurufm.com.br\/wp-content\/uploads\/2020\/05\/750_tiroteio-eunapolis-aglomeracao_20205312743573.jpg 750w, https:\/\/itapicurufm.com.br\/wp-content\/uploads\/2020\/05\/750_tiroteio-eunapolis-aglomeracao_20205312743573-300x167.jpg 300w\" sizes=\"auto, (max-width: 750px) 100vw, 750px\" \/><\/figure><\/li><\/ul><\/figure>\n\n\n\n<p>Um homem&nbsp;identificado como Ruan Silva dos Santos, conhecido como \u201cJamaica\u201d, morreu na noite deste s\u00e1bado, 2, no bairro Gusm\u00e3o, em Eun\u00e1polis, no sul baiano. Ele foi baleado ap\u00f3s um tiroteio em uma festa, que foi denunciada por descumprir o decreto municipal que pro\u00edbe aglomera\u00e7\u00f5es em meio \u00e0 pandemia do coronav\u00edrus.<\/p>\n\n\n\n<p>De acordo com informa\u00e7\u00f5es do site Radar64, a den\u00fancia informava que no local ocorria venda e consumo de drogas. Quando percebeu a aproxima\u00e7\u00e3o dos policiais, o grupo correu em dire\u00e7\u00e3o a uma mata. Ruan estaria armado e trocou tiros com os policiais, mas acabou baleado e foi a \u00f3bito.<\/p>\n\n\n\n<p>Segundo a pol\u00edcia, Ruan j\u00e1 teria sido preso na cidade.<\/p>\n","protected":false},"excerpt":{"rendered":"<p>Um homem&nbsp;identificado como Ruan Silva dos Santos, conhecido como \u201cJamaica\u201d, morreu na noite deste s\u00e1bado, 2, no bairro Gusm\u00e3o, em<\/p>\n","protected":false},"author":4,"featured_media":218,"comment_status":"open","ping_status":"closed","sticky":false,"template":"","format":"standard","meta":{"colormag_page_container_layout":"default_layout","colormag_page_sidebar_layout":"default_layout","footnotes":""},"categories":[1],"tags":[],"class_list":["post-217","post","type-post","status-publish","format-standard","has-post-thumbnail","hentry","category-geral"],"_links":{"self":[{"href":"https:\/\/itapicurufm.com.br\/index.php\/wp-json\/wp\/v2\/posts\/217","targetHints":{"allow":["GET"]}}],"collection":[{"href":"https:\/\/itapicurufm.com.br\/index.php\/wp-json\/wp\/v2\/posts"}],"about":[{"href":"https:\/\/itapicurufm.com.br\/index.php\/wp-json\/wp\/v2\/types\/post"}],"author":[{"embeddable":true,"href":"https:\/\/itapicurufm.com.br\/index.php\/wp-json\/wp\/v2\/users\/4"}],"replies":[{"embeddable":true,"href":"https:\/\/itapicurufm.com.br\/index.php\/wp-json\/wp\/v2\/comments?post=217"}],"version-history":[{"count":1,"href":"https:\/\/itapicurufm.com.br\/index.php\/wp-json\/wp\/v2\/posts\/217\/revisions"}],"predecessor-version":[{"id":219,"href":"https:\/\/itapicurufm.com.br\/index.php\/wp-json\/wp\/v2\/posts\/217\/revisions\/219"}],"wp:featuredmedia":[{"embeddable":true,"href":"https:\/\/itapicurufm.com.br\/index.php\/wp-json\/wp\/v2\/media\/218"}],"wp:attachment":[{"href":"https:\/\/itapicurufm.com.br\/index.php\/wp-json\/wp\/v2\/media?parent=217"}],"wp:term":[{"taxonomy":"category","embeddable":true,"href":"https:\/\/itapicurufm.com.br\/index.php\/wp-json\/wp\/v2\/categories?post=217"},{"taxonomy":"post_tag","embeddable":true,"href":"https:\/\/itapicurufm.com.br\/index.php\/wp-json\/wp\/v2\/tags?post=217"}],"curies":[{"name":"wp","href":"https:\/\/api.w.org\/{rel}","templated":true}]}}