{"id":2168,"date":"2020-07-19T06:23:38","date_gmt":"2020-07-19T09:23:38","guid":{"rendered":"http:\/\/itapicurufm.com.br\/?p=2168"},"modified":"2020-07-19T06:23:39","modified_gmt":"2020-07-19T09:23:39","slug":"homem-infarta-e-morre-apos-perder-esposa-e-filho-para-o-novo-coronavirus","status":"publish","type":"post","link":"https:\/\/itapicurufm.com.br\/index.php\/2020\/07\/19\/homem-infarta-e-morre-apos-perder-esposa-e-filho-para-o-novo-coronavirus\/","title":{"rendered":"Homem infarta e morre ap\u00f3s perder esposa e filho para o novo coronav\u00edrus"},"content":{"rendered":"\n<p>Um homem teve um infarto e morreu tr\u00eas meses ap\u00f3s perder a esposa e o filho para o novo&nbsp;coronav\u00edrus. Silvio Dias Novaes tinha 60 anos, era despachante municipal e morava em Praia Grande, S\u00e3o Paulo.&nbsp;<\/p>\n\n\n\n<p>De acordo com informa\u00e7\u00f5es do G1, a informa\u00e7\u00e3o foi confirmada pela filha de Silvio, a t\u00e9cnica de enfermagem Maria Carolina da Silva Novaes, de 39 anos, que tamb\u00e9m contraiu o v\u00edrus. Ela explicou que a fam\u00edlia pegou a Covid-19 ap\u00f3s revezarem para acompanhar o despachante em um hospital de Cubat\u00e3o (SP), depois dele ter tido um AVC.&nbsp;<\/p>\n\n\n\n<p>Na tarde desta sexta-feira (17), Silvio teve um infarto em casa tamb\u00e9m faleceu. Segundo Maria Carolina, a vida da fam\u00edlia desandou desde a morte da m\u00e3e e do irm\u00e3o. Como o pai perdeu todos os movimentos e tamb\u00e9m lidava com o luto pelos familiares, entrou em depress\u00e3o e precisou tomar rem\u00e9dios.&nbsp;<\/p>\n\n\n\n<p>Um dia antes da morte de Silvio, a t\u00e9cnica de enfermagem chegou a divulgar uma campanha virtual para arrecadar dinheiro para o tratamento dele, que devido ao AVC, tinha perdido os movimentos. &#8220;Ele precisava de mais suporte e n\u00e3o t\u00ednhamos mais condi\u00e7\u00f5es de bancar. Coloquei meu carro a venda e j\u00e1 tinha vendido v\u00e1rias coisas, como TV e geladeira. Minha chefe me promoveu para melhorar meu sal\u00e1rio e poder me ajudar, mas n\u00e3o deu tempo&#8221;, explicou. O vel\u00f3rio e sepultamento de Silvio ocorrer\u00e3o neste s\u00e1bado, com limita\u00e7\u00e3o de pessoas devido \u00e0 pandemia.&nbsp;<\/p>\n","protected":false},"excerpt":{"rendered":"<p>Um homem teve um infarto e morreu tr\u00eas meses ap\u00f3s perder a esposa e o filho para o novo&nbsp;coronav\u00edrus. Silvio<\/p>\n","protected":false},"author":4,"featured_media":2169,"comment_status":"open","ping_status":"closed","sticky":false,"template":"","format":"standard","meta":{"colormag_page_container_layout":"default_layout","colormag_page_sidebar_layout":"default_layout","footnotes":""},"categories":[8],"tags":[],"class_list":["post-2168","post","type-post","status-publish","format-standard","has-post-thumbnail","hentry","category-brasil"],"_links":{"self":[{"href":"https:\/\/itapicurufm.com.br\/index.php\/wp-json\/wp\/v2\/posts\/2168","targetHints":{"allow":["GET"]}}],"collection":[{"href":"https:\/\/itapicurufm.com.br\/index.php\/wp-json\/wp\/v2\/posts"}],"about":[{"href":"https:\/\/itapicurufm.com.br\/index.php\/wp-json\/wp\/v2\/types\/post"}],"author":[{"embeddable":true,"href":"https:\/\/itapicurufm.com.br\/index.php\/wp-json\/wp\/v2\/users\/4"}],"replies":[{"embeddable":true,"href":"https:\/\/itapicurufm.com.br\/index.php\/wp-json\/wp\/v2\/comments?post=2168"}],"version-history":[{"count":1,"href":"https:\/\/itapicurufm.com.br\/index.php\/wp-json\/wp\/v2\/posts\/2168\/revisions"}],"predecessor-version":[{"id":2170,"href":"https:\/\/itapicurufm.com.br\/index.php\/wp-json\/wp\/v2\/posts\/2168\/revisions\/2170"}],"wp:featuredmedia":[{"embeddable":true,"href":"https:\/\/itapicurufm.com.br\/index.php\/wp-json\/wp\/v2\/media\/2169"}],"wp:attachment":[{"href":"https:\/\/itapicurufm.com.br\/index.php\/wp-json\/wp\/v2\/media?parent=2168"}],"wp:term":[{"taxonomy":"category","embeddable":true,"href":"https:\/\/itapicurufm.com.br\/index.php\/wp-json\/wp\/v2\/categories?post=2168"},{"taxonomy":"post_tag","embeddable":true,"href":"https:\/\/itapicurufm.com.br\/index.php\/wp-json\/wp\/v2\/tags?post=2168"}],"curies":[{"name":"wp","href":"https:\/\/api.w.org\/{rel}","templated":true}]}}